{"id":1438,"date":"2023-03-31T14:07:35","date_gmt":"2023-03-31T17:07:35","guid":{"rendered":"https:\/\/www.sinduscon-joinville.org.br\/v2021\/?p=1438"},"modified":"2023-03-31T14:07:35","modified_gmt":"2023-03-31T17:07:35","slug":"sinduscon-joinville-completa-75-anos-e-anuncia-agenda-de-eventos","status":"publish","type":"post","link":"https:\/\/www.sinduscon-joinville.org.br\/v2021\/sinduscon-joinville-completa-75-anos-e-anuncia-agenda-de-eventos\/","title":{"rendered":"SINDUSCON Joinville completa 75 anos e anuncia agenda de eventos"},"content":{"rendered":"<p>O SINDUSCON Joinville completa 75 anos em 2023 e prepara uma s\u00e9rie de a\u00e7\u00f5es para celebrar a data. A largada nas comemora\u00e7\u00f5es ocorre com o lan\u00e7amento do selo comemorativo e a divulga\u00e7\u00e3o da agenda festiva que se estender\u00e1 at\u00e9 dezembro.<\/p>\n<p>Entre os eventos da programa\u00e7\u00e3o especial de anivers\u00e1rio est\u00e3o a Feira das Construtoras; 2\u00aa edi\u00e7\u00e3o do Pr\u00eamio SINDUSCON, que valoriza boas pr\u00e1ticas dos associados; institui\u00e7\u00e3o do Selo Incorporar, que atesta a credibilidade das incorporadoras da cidade; cria\u00e7\u00e3o de um novo v\u00eddeo institucional e a realiza\u00e7\u00e3o de um semin\u00e1rio com temas de interesse da constru\u00e7\u00e3o civil e do mercado imobili\u00e1rio.<\/p>\n<p>Outra iniciativa do ano ser\u00e1 o lan\u00e7amento da campanha Profiss\u00e3o Construir. O projeto tem como objetivo apaixonar, formar, empregar e valorizar os profissionais da constru\u00e7\u00e3o civil, mostrando \u00e0 sociedade e aos trabalhadores o potencial de carreira no setor e a import\u00e2ncia desta ind\u00fastria para a economia.<\/p>\n<p>Para encerrar as festividades, o SINDUSCON Joinville prepara ainda uma grande festa em comemora\u00e7\u00e3o aos 75 anos do mais antigo sindicato da ind\u00fastria da constru\u00e7\u00e3o civil em Santa Catarina.<\/p>\n<p>O presidente do SINDUSCON Joinville, Carlos Lopes, diz que a atua\u00e7\u00e3o ininterrupta do sindicato desde 1948 comprova a import\u00e2ncia do associativismo, da uni\u00e3o, da coopera\u00e7\u00e3o e dos esfor\u00e7os do setor em prol do fortalecimento da economia e dos neg\u00f3cios, do desenvolvimento da cidade e da gera\u00e7\u00e3o de emprego e renda.<\/p>\n<p>\u201cNosso foco tem sido a expans\u00e3o do setor na regi\u00e3o norte de Santa Catarina, a sustentabilidade das empresas e a valoriza\u00e7\u00e3o dos trabalhadores\u201d, resume o engenheiro civil.<\/p>\n<p>Segundo Lopes, chegar aos 75 anos \u00e9 um marco. \u201cA receita da longevidade \u00e9 aliar a experi\u00eancia de d\u00e9cadas ao fomento e est\u00edmulo \u00e0 inova\u00e7\u00e3o e ao uso de novas tecnologias, ao excelente relacionamento entre os associados, com outras entidades e com o poder p\u00fablico, \u00e0 atualiza\u00e7\u00e3o constante, \u00e0 melhoria nos processos produtivos e aos investimentos na sa\u00fade, seguran\u00e7a e capacita\u00e7\u00e3o dos trabalhadores.\u201d<\/p>\n<p><strong>Desempenho hist\u00f3rico<\/strong><\/p>\n<p>A celebra\u00e7\u00e3o do setor da constru\u00e7\u00e3o civil n\u00e3o se restringe ao anivers\u00e1rio do SINDUSCON Joinville. Em 2022 a cidade bateu recorde em vendas, ultrapassando pela primeira vez na hist\u00f3ria a marca de R$ 1 bilh\u00e3o em VGV vendido e R$ 1,2 bilh\u00e3o em VGV lan\u00e7ado.<\/p>\n<p>Na compara\u00e7\u00e3o com 2021, as vendas de apartamentos novos cresceram 18,5% e os lan\u00e7amentos, 21,1%. Durante o ano passado foram comercializados mais de 1.700 apartamentos novos no munic\u00edpio.<\/p>\n<p>\u201cFechamos o ano passado com 2.347 apartamentos em estoque, o equivalente a menos de 30% da oferta lan\u00e7ada na cidade. Isso demonstra um excelente ritmo de vendas. Outro aspecto que comprova a maturidade do mercado imobili\u00e1rio local \u00e9 a valoriza\u00e7\u00e3o dos im\u00f3veis. No intervalo de 12 meses, o metro quadrado privativo aumentou 13%, um percentual bem acima da infla\u00e7\u00e3o\u201d, informa o presidente do SINDUSCON Joinville, Carlos Lopes.<\/p>\n<p>O incremento na procura por im\u00f3veis do padr\u00e3o m\u00e9dio tamb\u00e9m \u00e9 ressaltado pelo presidente, com base nos dados da pesquisa imobili\u00e1ria realizada pela Brain com exclusividade para o sindicato. \u201cA procura por empreendimentos de m\u00e9dio padr\u00e3o vem crescendo em Joinville e, atualmente, o t\u00edquete m\u00e9dio em Joinville est\u00e1 em torno de R$ 730 mil.\u201d \u00a0Em 2022, Joinville lan\u00e7ou 45 empreendimentos. Os apartamentos nos padr\u00f5es standard e m\u00e9dio foram os mais vendidos.<\/p>\n<p><strong>Homenagens ao SINDUSCON Joinville<\/strong><\/p>\n<p>O anivers\u00e1rio de 75 anos do SINDUSCON Joinville \u00e9 celebrado por associados e representantes de outras entidades setoriais. O empres\u00e1rio Ant\u00f4nio Carlos Wolf \u00e9 o associado mais antigo e se diz orgulhoso de fazer parte da hist\u00f3ria de uma entidade pioneira e atuante.<\/p>\n<p>Associado desde 1984, ele presidiu o sindicato entre os anos de 1992 e 1994. \u201cVejo esta nova gera\u00e7\u00e3o muito empenhada em levar adiante a chama do associativismo que sempre nos guiou\u201d, comenta.<\/p>\n<p>O presidente da FIESC, Mario Cezar de Aguiar, tamb\u00e9m j\u00e1 presidiu o SINDUSCON Joinville em duas oportunidades, entre os anos de 1990\/1992 e 2016\/2018. Hoje, integra o Conselho de Ex-presidentes. \u201cO anivers\u00e1rio de 75 anos do SINDUSCON Joinville \u00e9 uma marca muito importante para a ind\u00fastria catarinense. Al\u00e9m de ser o mais antigo sindicato da constru\u00e7\u00e3o civil em atua\u00e7\u00e3o em Santa Catarina, foi uma das entidades a participar da cria\u00e7\u00e3o da FIESC, em 1950\u201d, lembra.<\/p>\n<p>A gera\u00e7\u00e3o de empregos no setor \u00e9 outro aspecto que o presidente da FIESC destaca. \u201cO SINDUSCON Joinville representa uma ind\u00fastria que gera cerca de 9 mil empregos diretos na cidade. Com o lema \u2018N\u00f3s constru\u00edmos Joinville\u2019, o sindicato fundamenta suas a\u00e7\u00f5es no desenvolvimento das empresas, na qualidade de vida dos trabalhadores e no respeito e conserva\u00e7\u00e3o do meio ambiente natural e constru\u00eddo.\u201d<\/p>\n<p>Para o presidente da C\u00e2mara Brasileira da Ind\u00fastria da Constru\u00e7\u00e3o (CBIC), Jos\u00e9 Carlos Martins, o SINDUSCON Joinville tem sido um baluarte e representa uma cidade pr\u00f3spera e empreendedora. \u201c\u00c9 preciso enaltecer o trabalho do sindicato no mercado imobili\u00e1rio, nas obras p\u00fablicas e, principalmente, no carinho dedicado aos trabalhadores do setor, com aten\u00e7\u00e3o \u00e0 sa\u00fade, \u00e0 seguran\u00e7a no trabalho e em outros aspectos do dia a dia. Um grande abra\u00e7o a todos que fazem o SINDUSCON Joinville e feliz 75 anos.\u201d<\/p>\n","protected":false},"excerpt":{"rendered":"<p>O SINDUSCON Joinville completa 75 anos em 2023 e prepara uma s\u00e9rie de a\u00e7\u00f5es para celebrar a data. A largada nas comemora\u00e7\u00f5es ocorre com o lan\u00e7amento do selo comemorativo e a divulga\u00e7\u00e3o da agenda festiva que se estender\u00e1 at\u00e9 dezembro. Entre os eventos da programa\u00e7\u00e3o especial de anivers\u00e1rio est\u00e3o a Feira das Construtoras; 2\u00aa edi\u00e7\u00e3o [&hellip;]<\/p>\n","protected":false},"author":2,"featured_media":1439,"comment_status":"closed","ping_status":"closed","sticky":false,"template":"","format":"standard","meta":{"footnotes":""},"categories":[9,10],"tags":[],"class_list":["post-1438","post","type-post","status-publish","format-standard","has-post-thumbnail","hentry","category-destaques","category-noticias","has-post-title","has-post-date","has-post-category","has-post-tag","has-post-comment","has-post-author",""],"_links":{"self":[{"href":"https:\/\/www.sinduscon-joinville.org.br\/v2021\/wp-json\/wp\/v2\/posts\/1438","targetHints":{"allow":["GET"]}}],"collection":[{"href":"https:\/\/www.sinduscon-joinville.org.br\/v2021\/wp-json\/wp\/v2\/posts"}],"about":[{"href":"https:\/\/www.sinduscon-joinville.org.br\/v2021\/wp-json\/wp\/v2\/types\/post"}],"author":[{"embeddable":true,"href":"https:\/\/www.sinduscon-joinville.org.br\/v2021\/wp-json\/wp\/v2\/users\/2"}],"replies":[{"embeddable":true,"href":"https:\/\/www.sinduscon-joinville.org.br\/v2021\/wp-json\/wp\/v2\/comments?post=1438"}],"version-history":[{"count":2,"href":"https:\/\/www.sinduscon-joinville.org.br\/v2021\/wp-json\/wp\/v2\/posts\/1438\/revisions"}],"predecessor-version":[{"id":1441,"href":"https:\/\/www.sinduscon-joinville.org.br\/v2021\/wp-json\/wp\/v2\/posts\/1438\/revisions\/1441"}],"wp:featuredmedia":[{"embeddable":true,"href":"https:\/\/www.sinduscon-joinville.org.br\/v2021\/wp-json\/wp\/v2\/media\/1439"}],"wp:attachment":[{"href":"https:\/\/www.sinduscon-joinville.org.br\/v2021\/wp-json\/wp\/v2\/media?parent=1438"}],"wp:term":[{"taxonomy":"category","embeddable":true,"href":"https:\/\/www.sinduscon-joinville.org.br\/v2021\/wp-json\/wp\/v2\/categories?post=1438"},{"taxonomy":"post_tag","embeddable":true,"href":"https:\/\/www.sinduscon-joinville.org.br\/v2021\/wp-json\/wp\/v2\/tags?post=1438"}],"curies":[{"name":"wp","href":"https:\/\/api.w.org\/{rel}","templated":true}]}}