{"id":1460,"date":"2023-05-12T09:23:04","date_gmt":"2023-05-12T12:23:04","guid":{"rendered":"https:\/\/www.sinduscon-joinville.org.br\/v2021\/?p=1460"},"modified":"2023-05-12T09:23:04","modified_gmt":"2023-05-12T12:23:04","slug":"camara-brasileira-da-industria-da-construcao-elege-nova-diretoria","status":"publish","type":"post","link":"https:\/\/www.sinduscon-joinville.org.br\/v2021\/camara-brasileira-da-industria-da-construcao-elege-nova-diretoria\/","title":{"rendered":"C\u00e2mara Brasileira da Ind\u00fastria da Constru\u00e7\u00e3o elege nova diretoria"},"content":{"rendered":"<p>A C\u00e2mara Brasileira da Ind\u00fastria da Constru\u00e7\u00e3o (CBIC) elegeu nesta quinta-feira (11\/05), por aclama\u00e7\u00e3o, sua nova diretoria. Na presid\u00eancia da gest\u00e3o 2023\/2026 estar\u00e1 o engenheiro e empres\u00e1rio goiano Renato de Sousa Correia. Jos\u00e9 Carlos Martins, presidente da CBIC durante nove anos, deixar\u00e1 o cargo em junho. A posse da nova diretoria est\u00e1 marcada para o dia 1\u00ba de julho, em Bras\u00edlia.<\/p>\n<p>O novo presidente, Renato Correia, \u00e9 empres\u00e1rio com mais de 30 anos de atua\u00e7\u00e3o no setor de incorpora\u00e7\u00e3o e constru\u00e7\u00e3o civil. Entre 2014 e 2017 foi presidente da Associa\u00e7\u00e3o das Empresas do Mercado Imobili\u00e1rio de Goi\u00e1s (Ademi-GO). Foi vice-presidente regional da CBIC no Centro-Oeste por dois mandatos e \u00e9 vice-presidente do Sindicato da Ind\u00fastria da Constru\u00e7\u00e3o no Estado de Goi\u00e1s (Sinduscon-GO).<\/p>\n<p>O empres\u00e1rio do Norte catarinense Marco Antonio Corsini tamb\u00e9m comp\u00f5e a nova diretoria como vice-presidente da CBIC para Santa Catarina, ao lado de Marco Aur\u00e9lio Alberton, de Florian\u00f3polis, e Olvacir Jos\u00e9 Bez Fontana, do Sul do estado.<\/p>\n<p>O joinvilense Marco Corsini j\u00e1 atuava como vice-presidente da CBIC na regi\u00e3o Sul, foi presidente da ACIJ e tamb\u00e9m presidiu o SINDUSCON Joinville. Segundo ele, a nova diretoria dar\u00e1 sequ\u00eancia ao excelente trabalho realizado durante o mandato de Jos\u00e9 Carlos Martins.<\/p>\n<p>\u201c\u00c9 fundamental que o setor permane\u00e7a unido e engajado, tendo suas demandas atendidas em Bras\u00edlia e nas esferas estaduais e municipais. N\u00e3o mediremos esfor\u00e7os para garantir o desenvolvimento do setor. A constru\u00e7\u00e3o civil \u00e9 uma das maiores geradoras de emprego e renda do pa\u00eds, com import\u00e2ncia inquestion\u00e1vel para a economia\u201d, diz Corsini.<\/p>\n<p>O presidente do SINDUSCON Joinville, Carlos Lopes, concorda. \u201cSomos um setor pujante, que gera emprego, renda e alavanca o pa\u00eds. E se a constru\u00e7\u00e3o civil se reinventa rapidamente a cada desafio, \u00e9 resultado da uni\u00e3o do setor. Parabenizo a atual gest\u00e3o pelo excelente trabalho realizado e desejo muito sucesso para a diretoria eleita, que certamente manter\u00e1 o setor bem representado e com destaque em n\u00edvel federal e estadual.\u201d<\/p>\n<p>&nbsp;<\/p>\n","protected":false},"excerpt":{"rendered":"<p>A C\u00e2mara Brasileira da Ind\u00fastria da Constru\u00e7\u00e3o (CBIC) elegeu nesta quinta-feira (11\/05), por aclama\u00e7\u00e3o, sua nova diretoria. Na presid\u00eancia da gest\u00e3o 2023\/2026 estar\u00e1 o engenheiro e empres\u00e1rio goiano Renato de Sousa Correia. Jos\u00e9 Carlos Martins, presidente da CBIC durante nove anos, deixar\u00e1 o cargo em junho. A posse da nova diretoria est\u00e1 marcada para o [&hellip;]<\/p>\n","protected":false},"author":2,"featured_media":1462,"comment_status":"closed","ping_status":"closed","sticky":false,"template":"","format":"standard","meta":{"footnotes":""},"categories":[9,10],"tags":[],"class_list":["post-1460","post","type-post","status-publish","format-standard","has-post-thumbnail","hentry","category-destaques","category-noticias","has-post-title","has-post-date","has-post-category","has-post-tag","has-post-comment","has-post-author",""],"_links":{"self":[{"href":"https:\/\/www.sinduscon-joinville.org.br\/v2021\/wp-json\/wp\/v2\/posts\/1460","targetHints":{"allow":["GET"]}}],"collection":[{"href":"https:\/\/www.sinduscon-joinville.org.br\/v2021\/wp-json\/wp\/v2\/posts"}],"about":[{"href":"https:\/\/www.sinduscon-joinville.org.br\/v2021\/wp-json\/wp\/v2\/types\/post"}],"author":[{"embeddable":true,"href":"https:\/\/www.sinduscon-joinville.org.br\/v2021\/wp-json\/wp\/v2\/users\/2"}],"replies":[{"embeddable":true,"href":"https:\/\/www.sinduscon-joinville.org.br\/v2021\/wp-json\/wp\/v2\/comments?post=1460"}],"version-history":[{"count":2,"href":"https:\/\/www.sinduscon-joinville.org.br\/v2021\/wp-json\/wp\/v2\/posts\/1460\/revisions"}],"predecessor-version":[{"id":1464,"href":"https:\/\/www.sinduscon-joinville.org.br\/v2021\/wp-json\/wp\/v2\/posts\/1460\/revisions\/1464"}],"wp:featuredmedia":[{"embeddable":true,"href":"https:\/\/www.sinduscon-joinville.org.br\/v2021\/wp-json\/wp\/v2\/media\/1462"}],"wp:attachment":[{"href":"https:\/\/www.sinduscon-joinville.org.br\/v2021\/wp-json\/wp\/v2\/media?parent=1460"}],"wp:term":[{"taxonomy":"category","embeddable":true,"href":"https:\/\/www.sinduscon-joinville.org.br\/v2021\/wp-json\/wp\/v2\/categories?post=1460"},{"taxonomy":"post_tag","embeddable":true,"href":"https:\/\/www.sinduscon-joinville.org.br\/v2021\/wp-json\/wp\/v2\/tags?post=1460"}],"curies":[{"name":"wp","href":"https:\/\/api.w.org\/{rel}","templated":true}]}}