{"id":1477,"date":"2023-05-23T14:34:51","date_gmt":"2023-05-23T17:34:51","guid":{"rendered":"https:\/\/www.sinduscon-joinville.org.br\/v2021\/?p=1477"},"modified":"2023-08-01T13:35:40","modified_gmt":"2023-08-01T16:35:40","slug":"sinduscon-joinville-recebe-merito-sindical-da-fiesc","status":"publish","type":"post","link":"https:\/\/www.sinduscon-joinville.org.br\/v2021\/sinduscon-joinville-recebe-merito-sindical-da-fiesc\/","title":{"rendered":"SINDUSCON Joinville recebe M\u00e9rito Sindical da FIESC"},"content":{"rendered":"<p>O SINDUSCON Joinville, mais antigo sindicato da constru\u00e7\u00e3o civil de Santa Catarina, foi homenageado na sexta-feira, dia 19 de maio, como o M\u00e9rito Sindical por seus 70 anos de filia\u00e7\u00e3o \u00e0 FIESC. O evento em reconhecimento aos sindicatos que cooperam para o fortalecimento da representatividade empresarial no\u00a0estado foi realizado em Florian\u00f3polis.<\/p>\n<p>O presidente do SINDUSCON Joinville, Carlos Lopes, recebeu o M\u00e9rito Sindical das m\u00e3os do presidente da FIESC, Mario Cezar de Aguiar.O diretor de Rela\u00e7\u00f5es Institucionais do sindicato e vice-presidente da CBIC para Santa Catarina, Marco Antonio Corsini, participou da solenidade.<\/p>\n<p>Al\u00e9m do SINDUSCON Joinville, outros quatro sindicatos catarinenses tiveram seus 70 anos de filia\u00e7\u00e3o reconhecidos na categoria Esmeralda. A FIESC homenageou ainda entidades filiadas h\u00e1 60 anos, 50 anos, 40 anos e 30 anos.<\/p>\n<p>No evento foi entregue tamb\u00e9m a Ordem do M\u00e9rito Industrial aos empres\u00e1rios Ademir Luiz Dalla Lana (Grupo Medal, de Luzerna), Gilberto Tomazoni (JBS), Mait\u00ea Lang (Nugali Chocolates, de Pomerode), Milton Hobus (Royal Ciclo, de Rio do Sul) e Valdir Moretto (UfoWay, de Crici\u00fama). O empres\u00e1rio Carlos Rodolfo Schneider, do Grupo H. Carlos Schneider, de Joinville, recebeu a Ordem do M\u00e9rito Industrial da CNI, a comenda m\u00e1xima da ind\u00fastria nacional.<\/p>\n<p><img loading=\"lazy\" decoding=\"async\" class=\"alignnone  wp-image-1479\" src=\"https:\/\/www.sinduscon-joinville.org.br\/v2021\/wp-content\/uploads\/2023\/05\/52909574211_7c91538fc7_o-300x200.jpg\" alt=\"\" width=\"353\" height=\"235\" srcset=\"https:\/\/www.sinduscon-joinville.org.br\/v2021\/wp-content\/uploads\/2023\/05\/52909574211_7c91538fc7_o-300x200.jpg 300w, https:\/\/www.sinduscon-joinville.org.br\/v2021\/wp-content\/uploads\/2023\/05\/52909574211_7c91538fc7_o-1024x683.jpg 1024w, https:\/\/www.sinduscon-joinville.org.br\/v2021\/wp-content\/uploads\/2023\/05\/52909574211_7c91538fc7_o-768x512.jpg 768w, https:\/\/www.sinduscon-joinville.org.br\/v2021\/wp-content\/uploads\/2023\/05\/52909574211_7c91538fc7_o-1536x1024.jpg 1536w, https:\/\/www.sinduscon-joinville.org.br\/v2021\/wp-content\/uploads\/2023\/05\/52909574211_7c91538fc7_o-2048x1365.jpg 2048w\" sizes=\"auto, (max-width: 353px) 100vw, 353px\" \/><\/p>\n<p>O presidente do SINDUSCON Joinville, Carlos Lopes, diz que o reconhecimento da FIESC coincide com as comemora\u00e7\u00f5es de 75 anos de funda\u00e7\u00e3o do sindicato. \u201cDois grandes motivos de orgulho para a constru\u00e7\u00e3o civil no Norte do estado e a prova de que o associativismo promove as melhorias necess\u00e1rias \u00e0s condi\u00e7\u00f5es de neg\u00f3cios, gera\u00e7\u00e3o de emprego e renda e qualidade de vida dos trabalhadores. Juntos n\u00f3s constru\u00edmos uma Joinville cada vez melhor.\u201d<\/p>\n<p>Para saber mais sobre o SINDUSCON e os eventos em comemora\u00e7\u00e3o os 75 anos do sindicato, acesse <a href=\"https:\/\/www.sinduscon-joinville.org.br\/v2021\/\">https:\/\/www.sinduscon-joinville.org.br\/v2021\/<\/a><\/p>\n","protected":false},"excerpt":{"rendered":"<p>O SINDUSCON Joinville, mais antigo sindicato da constru\u00e7\u00e3o civil de Santa Catarina, foi homenageado na sexta-feira, dia 19 de maio, como o M\u00e9rito Sindical por seus 70 anos de filia\u00e7\u00e3o \u00e0 FIESC. O evento em reconhecimento aos sindicatos que cooperam para o fortalecimento da representatividade empresarial no\u00a0estado foi realizado em Florian\u00f3polis. O presidente do SINDUSCON [&hellip;]<\/p>\n","protected":false},"author":2,"featured_media":1478,"comment_status":"closed","ping_status":"closed","sticky":false,"template":"","format":"standard","meta":{"footnotes":""},"categories":[9,10],"tags":[],"class_list":["post-1477","post","type-post","status-publish","format-standard","has-post-thumbnail","hentry","category-destaques","category-noticias","has-post-title","has-post-date","has-post-category","has-post-tag","has-post-comment","has-post-author",""],"_links":{"self":[{"href":"https:\/\/www.sinduscon-joinville.org.br\/v2021\/wp-json\/wp\/v2\/posts\/1477","targetHints":{"allow":["GET"]}}],"collection":[{"href":"https:\/\/www.sinduscon-joinville.org.br\/v2021\/wp-json\/wp\/v2\/posts"}],"about":[{"href":"https:\/\/www.sinduscon-joinville.org.br\/v2021\/wp-json\/wp\/v2\/types\/post"}],"author":[{"embeddable":true,"href":"https:\/\/www.sinduscon-joinville.org.br\/v2021\/wp-json\/wp\/v2\/users\/2"}],"replies":[{"embeddable":true,"href":"https:\/\/www.sinduscon-joinville.org.br\/v2021\/wp-json\/wp\/v2\/comments?post=1477"}],"version-history":[{"count":5,"href":"https:\/\/www.sinduscon-joinville.org.br\/v2021\/wp-json\/wp\/v2\/posts\/1477\/revisions"}],"predecessor-version":[{"id":1548,"href":"https:\/\/www.sinduscon-joinville.org.br\/v2021\/wp-json\/wp\/v2\/posts\/1477\/revisions\/1548"}],"wp:featuredmedia":[{"embeddable":true,"href":"https:\/\/www.sinduscon-joinville.org.br\/v2021\/wp-json\/wp\/v2\/media\/1478"}],"wp:attachment":[{"href":"https:\/\/www.sinduscon-joinville.org.br\/v2021\/wp-json\/wp\/v2\/media?parent=1477"}],"wp:term":[{"taxonomy":"category","embeddable":true,"href":"https:\/\/www.sinduscon-joinville.org.br\/v2021\/wp-json\/wp\/v2\/categories?post=1477"},{"taxonomy":"post_tag","embeddable":true,"href":"https:\/\/www.sinduscon-joinville.org.br\/v2021\/wp-json\/wp\/v2\/tags?post=1477"}],"curies":[{"name":"wp","href":"https:\/\/api.w.org\/{rel}","templated":true}]}}