{"id":1619,"date":"2023-09-06T17:19:36","date_gmt":"2023-09-06T20:19:36","guid":{"rendered":"https:\/\/www.sinduscon-joinville.org.br\/v2021\/?p=1619"},"modified":"2023-09-06T17:19:36","modified_gmt":"2023-09-06T20:19:36","slug":"indice-de-confianca-da-construcao-sobe-em-agosto","status":"publish","type":"post","link":"https:\/\/www.sinduscon-joinville.org.br\/v2021\/indice-de-confianca-da-construcao-sobe-em-agosto\/","title":{"rendered":"\u00cdndice de Confian\u00e7a da Constru\u00e7\u00e3o sobe em agosto"},"content":{"rendered":"<p>O \u00edndice de Confian\u00e7a da Constru\u00e7\u00e3o, medido pela Funda\u00e7\u00e3o Get\u00falio Vargas, subiu em agosto, revelando o otimismo do setor. Com o aumento de 0,7 ponto, o n\u00edvel chegou a 95,9 pontos, o maior \u00edndice desde outubro de 2022, quando o indicador era de 100,9 pontos.<\/p>\n<p>O destaque foi a melhora da confian\u00e7a do segmento de prepara\u00e7\u00e3o de terrenos, alavancada pela forte recupera\u00e7\u00e3o da carteira de contratos.<\/p>\n<ul>\n<li>A prepara\u00e7\u00e3o de terrenos \u00e9 uma etapa que antecede o ciclo de produ\u00e7\u00e3o e \u00e9 considerada um indicador importante do in\u00edcio de novas obras.<\/li>\n<\/ul>\n<p>&nbsp;<\/p>\n<ul>\n<li>O resultado positivo do \u00cdndice de Confian\u00e7a da Constru\u00e7\u00e3o em agosto foi influenciado pela melhora das avalia\u00e7\u00f5es sobre o momento atual da economia e pelas boas perspectivas para os pr\u00f3ximos meses.<\/li>\n<\/ul>\n<p>&nbsp;<\/p>\n<ul>\n<li>No detalhamento dos indicadores que comp\u00f5em o \u00edndice geral, o \u00edndice de situa\u00e7\u00e3o atual cresceu 0,6 ponto e o indicador de situa\u00e7\u00e3o atual dos neg\u00f3cios subiu 1,2 ponto. J\u00e1 o indicador de carteira de contrato ficou est\u00e1vel em agosto e manteve 95,2 pontos.<\/li>\n<\/ul>\n<p>&nbsp;<\/p>\n<ul>\n<li>No \u00e2mbito das expectativas, o \u00cdndice de Expectativas (IE-CST) aumentou 0,7 ponto, para 97,4 pontos, maior n\u00edvel desde outubro de 2022 (103,2 pontos).<\/li>\n<\/ul>\n<p>&nbsp;<\/p>\n<p>O otimismo e o bom momento da constru\u00e7\u00e3o s\u00e3o apontados tamb\u00e9m na Sondagem da Ind\u00fastria da Constru\u00e7\u00e3o, feita pela Confedera\u00e7\u00e3o Nacional da Ind\u00fastria. No primeiro semestre deste ano a constru\u00e7\u00e3o civil aumentou sua capacidade operacional e est\u00e1 empregando mais no Brasil.<\/p>\n<ul>\n<li>O levantamento da CNI mostrou alta de 0,3 ponto em junho no \u00cdndice de Confian\u00e7a do Empres\u00e1rio, que chegou a 52,2 pontos.<\/li>\n<\/ul>\n<p>&nbsp;<\/p>\n<ul>\n<li>O afastamento da linha de corte (50 pontos) demonstra que o empres\u00e1rio est\u00e1 com uma confian\u00e7a \u201cligeiramente maior e mais disseminada\u201d.<\/li>\n<\/ul>\n<p>&nbsp;<\/p>\n<p>O otimismo \u00e9 vis\u00edvel em todo o segmento industrial.<\/p>\n<ul>\n<li>Em agosto, o \u00cdndice de Confian\u00e7a do Empres\u00e1rio Industrial avan\u00e7ou 2,1 pontos, subindo para 53,2 pontos \u2013 o maio patamar desde outubro de 2022.<\/li>\n<\/ul>\n<p>&nbsp;<\/p>\n<ul>\n<li>O \u00edndice de expectativas na economia brasileira para os pr\u00f3ximos seis meses foi o respons\u00e1vel pela transi\u00e7\u00e3o do pessimismo para o otimismo.<\/li>\n<\/ul>\n<p><strong>Panorama em Joinville<\/strong><\/p>\n<p>A ind\u00fastria da constru\u00e7\u00e3o civil joinvilense tamb\u00e9m est\u00e1 otimista. Ali\u00e1s, o otimismo \u00e9 uma caracter\u00edstica do setor na cidade.<\/p>\n<ul>\n<li>De todas as unidades residenciais verticais (apartamentos) lan\u00e7adas em 2022, apenas metade ainda est\u00e1 dispon\u00edvel.<\/li>\n<li>A disponibilidade de apartamentos em empreendimentos lan\u00e7ados no primeiro semestre deste ano tamb\u00e9m \u00e9 de apenas 56,8%. Esses percentuais indicam bom ritmo nas vendas.<\/li>\n<li>S\u00f3 no segundo trimestre de 2023, o aumento nas vendas foi de 108% na compara\u00e7\u00e3o com o primeiro trimestre.<\/li>\n<li>Em junho, a cidade tinha apenas 2.443 apartamentos novos em estoque, o que representa menos de 30% da oferta lan\u00e7ada.<\/li>\n<\/ul>\n","protected":false},"excerpt":{"rendered":"<p>O \u00edndice de Confian\u00e7a da Constru\u00e7\u00e3o, medido pela Funda\u00e7\u00e3o Get\u00falio Vargas, subiu em agosto, revelando o otimismo do setor. Com o aumento de 0,7 ponto, o n\u00edvel chegou a 95,9 pontos, o maior \u00edndice desde outubro de 2022, quando o indicador era de 100,9 pontos. O destaque foi a melhora da confian\u00e7a do segmento de [&hellip;]<\/p>\n","protected":false},"author":2,"featured_media":1620,"comment_status":"closed","ping_status":"closed","sticky":false,"template":"","format":"standard","meta":{"footnotes":""},"categories":[10],"tags":[],"class_list":["post-1619","post","type-post","status-publish","format-standard","has-post-thumbnail","hentry","category-noticias","has-post-title","has-post-date","has-post-category","has-post-tag","has-post-comment","has-post-author",""],"_links":{"self":[{"href":"https:\/\/www.sinduscon-joinville.org.br\/v2021\/wp-json\/wp\/v2\/posts\/1619","targetHints":{"allow":["GET"]}}],"collection":[{"href":"https:\/\/www.sinduscon-joinville.org.br\/v2021\/wp-json\/wp\/v2\/posts"}],"about":[{"href":"https:\/\/www.sinduscon-joinville.org.br\/v2021\/wp-json\/wp\/v2\/types\/post"}],"author":[{"embeddable":true,"href":"https:\/\/www.sinduscon-joinville.org.br\/v2021\/wp-json\/wp\/v2\/users\/2"}],"replies":[{"embeddable":true,"href":"https:\/\/www.sinduscon-joinville.org.br\/v2021\/wp-json\/wp\/v2\/comments?post=1619"}],"version-history":[{"count":1,"href":"https:\/\/www.sinduscon-joinville.org.br\/v2021\/wp-json\/wp\/v2\/posts\/1619\/revisions"}],"predecessor-version":[{"id":1621,"href":"https:\/\/www.sinduscon-joinville.org.br\/v2021\/wp-json\/wp\/v2\/posts\/1619\/revisions\/1621"}],"wp:featuredmedia":[{"embeddable":true,"href":"https:\/\/www.sinduscon-joinville.org.br\/v2021\/wp-json\/wp\/v2\/media\/1620"}],"wp:attachment":[{"href":"https:\/\/www.sinduscon-joinville.org.br\/v2021\/wp-json\/wp\/v2\/media?parent=1619"}],"wp:term":[{"taxonomy":"category","embeddable":true,"href":"https:\/\/www.sinduscon-joinville.org.br\/v2021\/wp-json\/wp\/v2\/categories?post=1619"},{"taxonomy":"post_tag","embeddable":true,"href":"https:\/\/www.sinduscon-joinville.org.br\/v2021\/wp-json\/wp\/v2\/tags?post=1619"}],"curies":[{"name":"wp","href":"https:\/\/api.w.org\/{rel}","templated":true}]}}