{"id":1647,"date":"2023-09-28T14:31:17","date_gmt":"2023-09-28T17:31:17","guid":{"rendered":"https:\/\/www.sinduscon-joinville.org.br\/v2021\/?p=1647"},"modified":"2023-09-28T14:31:17","modified_gmt":"2023-09-28T17:31:17","slug":"joinville-recebe-especialistas-em-construcao-civil-e-mercado-imobiliario","status":"publish","type":"post","link":"https:\/\/www.sinduscon-joinville.org.br\/v2021\/joinville-recebe-especialistas-em-construcao-civil-e-mercado-imobiliario\/","title":{"rendered":"Joinville recebe especialistas em constru\u00e7\u00e3o civil e mercado imobili\u00e1rio"},"content":{"rendered":"<p>A ind\u00fastria da constru\u00e7\u00e3o civil cresceu 0,7% no segundo trimestre deste ano e a expectativa da C\u00e2mara Brasileira da Ind\u00fastria da Constru\u00e7\u00e3o (CBIC) \u00e9 de que o Produto Interno Bruto (PIB) do setor tenha um incremento de 1,5% em 2023.<\/p>\n<p>Aliar inova\u00e7\u00e3o, tecnologia e sustentabilidade \u00e0 informa\u00e7\u00e3o de qualidade e networking \u00e9 uma das formas de otimizar o desenvolvimento do setor. Pensando nisso, o N\u00facleo de Constru\u00e7\u00e3o Civil da Associa\u00e7\u00e3o Empresarial de Joinville (ACIJ) e o Sindicato da Ind\u00fastria da Constru\u00e7\u00e3o Civil de Joinville (SINDUSCON) promovem o Construir SC 2023.<\/p>\n<p>O evento ser\u00e1 realizado nos dias 3 e 4 de outubro, a partir das 13 horas, na sede da ACIJ (avenida Alu\u00edsio Pires Condeixa, 2.550, bairro Sagua\u00e7u). Os ingressos podem ser adquiridos em <a href=\"https:\/\/www.sympla.com.br\/evento\/construir-sc\/2151958\">https:\/\/www.sympla.com.br\/evento\/construir-sc\/2151958<\/a>. Quem optar pelo combo (que d\u00e1 acesso \u00e0 programa\u00e7\u00e3o completa) ter\u00e1 desconto e receber\u00e1 o livro \u201cMeu Im\u00f3vel, Meu Mundo\u201d, do escritor e palestrante Marcus Ara\u00fajo.<\/p>\n<p>De acordo com o presidente do SINDUSCON Joinville, Carlos Lopes, o objetivo do Construir SC \u00e9 discutir tend\u00eancias e apontar caminhos para melhorar a produtividade e a efici\u00eancia da ind\u00fastria da constru\u00e7\u00e3o civil. \u201cTemos um papel importante na gera\u00e7\u00e3o de emprego e renda em todo o pa\u00eds e somos destaque em Santa Catarina. A participa\u00e7\u00e3o do setor no PIB nacional \u00e9 extremamente relevante e, al\u00e9m do mercado residencial, somos fundamentais em grandes obras de engenharia e infraestrutura.\u201d<\/p>\n<p>O presidente do N\u00facleo de Constru\u00e7\u00e3o Civil da ACIJ, Taylor Sevegnani, diz que a iniciativa \u00e9 uma oportunidade para a discuss\u00e3o de temas relacionados aos problemas reais que ocorrem no dia a dia das empresas do setor. \u201cAl\u00e9m disso, vamos posicionar Joinville novamente no calend\u00e1rio de eventos recorrentes e relevantes para a constru\u00e7\u00e3o civil.\u201d<\/p>\n<p><strong>Programa\u00e7\u00e3o t\u00e9cnica e networking<\/strong><\/p>\n<p>Para discutir solu\u00e7\u00f5es \u00e0s principais dores de quem empreende no setor da constru\u00e7\u00e3o civil e apresentar inova\u00e7\u00f5es, os organizadores do Construir SC reuniram um time de especialistas. Durante dois dias, sempre no per\u00edodo da tarde e da noite, os participantes ter\u00e3o acesso a palestras, cases de sucesso, workshops, oficinas tem\u00e1ticas e treinamentos t\u00e9cnicos.<\/p>\n<p>O conte\u00fado \u00e9 voltado a empres\u00e1rios da constru\u00e7\u00e3o civil, gestores de incorporadoras e construtoras, projetistas, engenheiros, arquitetos e profissionais da \u00e1rea. Al\u00e9m da programa\u00e7\u00e3o t\u00e9cnica haver\u00e1 exposi\u00e7\u00e3o de grandes empresas do setor. \u00a0O evento tem o patroc\u00ednio do CREA-SC, Alum\u00ednios Tubar\u00e3o e Krona Tubos e Conex\u00f5es.<\/p>\n<p><strong>Temas e palestrantes<\/strong><\/p>\n<p>A palestra de abertura do Construir SC, no dia 3\/10, \u00e0s 13h30, no Sal\u00e3o Nobre da ACIJ, ser\u00e1 \u201cInova\u00e7\u00e3o na produ\u00e7\u00e3o e recupera\u00e7\u00e3o de edif\u00edcios\u201d, com o mestre em Engenharia Civil Alexandre Britez. Professor de Tecnologia e Gest\u00e3o da Produ\u00e7\u00e3o de Edif\u00edcios na USP, Britez \u00e9 s\u00f3cio do GP&amp;D, participou da elabora\u00e7\u00e3o da Norma de Desempenho e foi o respons\u00e1vel pela \u00e1rea t\u00e9cnica da Cyrela Construtora durante 12 anos.<\/p>\n<p>Outro palestrante j\u00e1 confirmado \u00e9 o diretor de Desenvolvimento Imobili\u00e1rio da MRV Engenharia, Ricardo Polizzi. Em sua palestra na noite do dia 3\/10 ele vai falar sobre \u201cPerspectivas de mercado e o case MRV\u201d. Graduado em Engenharia Civil, Polizzi atua nas \u00e1reas de engenharia civil e incorpora\u00e7\u00e3o imobili\u00e1ria h\u00e1 mais de 30 anos.<\/p>\n<p>No dia 4\/10, no encerramento do Construir SC 2023, o palestrante ser\u00e1 Marcus Ara\u00fajo, autor dos livros \u201cMeu Im\u00f3vel, Meu Mundo\u201d, \u201cMeu Im\u00f3vel, Meu Mundos Kids\u201d e \u201cMentes Saud\u00e1veis, Lares Felizes\u201d, em coautoria com Augusto Cury. Graduado em Estat\u00edstica, \u00e9 fundador da Datastore, com R$ 900 bilh\u00f5es em VGV pesquisados. Em Joinville, Ara\u00fajo falar\u00e1 sobre \u201cA nova (r)evolu\u00e7\u00e3o do morar\u201d.<\/p>\n<p>Durante a programa\u00e7\u00e3o ser\u00e3o abordados temas como solu\u00e7\u00f5es em BIM e Manual do S\u00edndico; aplica\u00e7\u00e3o de vergalh\u00f5es e telas de fibra de vidro; ferramentas para viabilizar o empreendimento imobili\u00e1rio; industrializa\u00e7\u00e3o da constru\u00e7\u00e3o civil; sistemas hidr\u00e1ulicos; inova\u00e7\u00e3o, produtividade e normas t\u00e9cnicas; gest\u00e3o e controle de custos; programa Obra Mais Segura; pesquisa, desenvolvimento e inova\u00e7\u00e3o; gest\u00e3o de custos na instala\u00e7\u00e3o de pisos e revestimentos; esquadrias de alum\u00ednio e implica\u00e7\u00f5es quanto \u00e0 Norma de Desempenho e comparativo entre sistemas estruturais de lajes.<\/p>\n<p>No primeiro dia, os palestrantes j\u00e1 confirmados s\u00e3o Lu\u00eds Soares e Marcos Rebelo (TF TopFusion), Fl\u00e1vio Sch\u00e4fer (CREA-SC), Karine Hackbarth (Hackbarth Engenhria), F\u00e1bio Steuernagel (ACCA), Alexandre Gama (ArcelorMittal Brasil), Renan Cunha (Espa\u00e7o Smart), Natcha Hames (Krona Tubos e Conex\u00f5es) e J\u00falio Daudt (Alconpat Brasil).<\/p>\n<p>No dia 4\/10 as discuss\u00f5es ser\u00e3o conduzidas por Marco Ant\u00f4nio Rodrigues (Arancibia Engenharia), Robison Negri (Ambient Engenharia e Consultoria), Gustavo Silva (apresentador do canal Papo de Obra, no Youtube), Rodrigo Santos, Diego Chiesorin e Ezequiel Devens (Perfil Alum\u00ednio do Brasil), Eduardo Reis (Eduardo Reis Projetos Estruturais), Rachel Salgueiro e Matheus Cardoso (Vers\u00e1til Andaimes e Escoramentos).<\/p>\n<p><strong>\u00a0<\/strong><\/p>\n<p><strong>SERVI\u00c7O<\/strong><\/p>\n<p><strong>O qu\u00ea:<\/strong> Construir SC 2023<\/p>\n<p><strong>Quando:<\/strong> 3 e 4 de outubro, das 13h \u00e0s 22h<\/p>\n<p><strong>Onde:<\/strong> sede da ACIJ &#8211; Avenida Alu\u00edsio Pires Condeixa, 2.550, bairro Sagua\u00e7u<\/p>\n<p><strong>Quanto:<\/strong> R$ 150,00 (ingresso avulso) e R$ 250,00 (combo para os dois dias + livro)<\/p>\n<p><strong>Onde comprar: <\/strong><a href=\"https:\/\/www.sympla.com.br\/evento\/construir-sc\/2151958\">https:\/\/www.sympla.com.br\/evento\/construir-sc\/2151958<\/a><\/p>\n<p><strong>Mais informa\u00e7\u00f5es: <\/strong>(47) 3461-3394 (N\u00facleo de Constru\u00e7\u00e3o Civil da ACIJ) e (47) 3461-3345 (SINDUSCON Joinville).<\/p>\n<p>&nbsp;<\/p>\n<p>&nbsp;<\/p>\n","protected":false},"excerpt":{"rendered":"<p>A ind\u00fastria da constru\u00e7\u00e3o civil cresceu 0,7% no segundo trimestre deste ano e a expectativa da C\u00e2mara Brasileira da Ind\u00fastria da Constru\u00e7\u00e3o (CBIC) \u00e9 de que o Produto Interno Bruto (PIB) do setor tenha um incremento de 1,5% em 2023. Aliar inova\u00e7\u00e3o, tecnologia e sustentabilidade \u00e0 informa\u00e7\u00e3o de qualidade e networking \u00e9 uma das formas [&hellip;]<\/p>\n","protected":false},"author":2,"featured_media":1650,"comment_status":"closed","ping_status":"closed","sticky":false,"template":"","format":"standard","meta":{"footnotes":""},"categories":[10],"tags":[],"class_list":["post-1647","post","type-post","status-publish","format-standard","has-post-thumbnail","hentry","category-noticias","has-post-title","has-post-date","has-post-category","has-post-tag","has-post-comment","has-post-author",""],"_links":{"self":[{"href":"https:\/\/www.sinduscon-joinville.org.br\/v2021\/wp-json\/wp\/v2\/posts\/1647","targetHints":{"allow":["GET"]}}],"collection":[{"href":"https:\/\/www.sinduscon-joinville.org.br\/v2021\/wp-json\/wp\/v2\/posts"}],"about":[{"href":"https:\/\/www.sinduscon-joinville.org.br\/v2021\/wp-json\/wp\/v2\/types\/post"}],"author":[{"embeddable":true,"href":"https:\/\/www.sinduscon-joinville.org.br\/v2021\/wp-json\/wp\/v2\/users\/2"}],"replies":[{"embeddable":true,"href":"https:\/\/www.sinduscon-joinville.org.br\/v2021\/wp-json\/wp\/v2\/comments?post=1647"}],"version-history":[{"count":2,"href":"https:\/\/www.sinduscon-joinville.org.br\/v2021\/wp-json\/wp\/v2\/posts\/1647\/revisions"}],"predecessor-version":[{"id":1651,"href":"https:\/\/www.sinduscon-joinville.org.br\/v2021\/wp-json\/wp\/v2\/posts\/1647\/revisions\/1651"}],"wp:featuredmedia":[{"embeddable":true,"href":"https:\/\/www.sinduscon-joinville.org.br\/v2021\/wp-json\/wp\/v2\/media\/1650"}],"wp:attachment":[{"href":"https:\/\/www.sinduscon-joinville.org.br\/v2021\/wp-json\/wp\/v2\/media?parent=1647"}],"wp:term":[{"taxonomy":"category","embeddable":true,"href":"https:\/\/www.sinduscon-joinville.org.br\/v2021\/wp-json\/wp\/v2\/categories?post=1647"},{"taxonomy":"post_tag","embeddable":true,"href":"https:\/\/www.sinduscon-joinville.org.br\/v2021\/wp-json\/wp\/v2\/tags?post=1647"}],"curies":[{"name":"wp","href":"https:\/\/api.w.org\/{rel}","templated":true}]}}