{"id":1717,"date":"2023-12-11T15:01:15","date_gmt":"2023-12-11T18:01:15","guid":{"rendered":"https:\/\/www.sinduscon-joinville.org.br\/v2021\/?p=1717"},"modified":"2023-12-11T15:03:48","modified_gmt":"2023-12-11T18:03:48","slug":"sinduscon-joinville-comemora-75-anos-2","status":"publish","type":"post","link":"https:\/\/www.sinduscon-joinville.org.br\/v2021\/sinduscon-joinville-comemora-75-anos-2\/","title":{"rendered":"SINDUSCON Joinville comemora 75 anos"},"content":{"rendered":"<p><em>Evento na noite de ter\u00e7a-feira (28\/11) reuniu cerca de 200 convidados e foi marcado por homenagens e premia\u00e7\u00f5es<\/em><\/p>\n<p>&nbsp;<\/p>\n<p>O SINDUSCON Joinville, o mais antigo sindicato da ind\u00fastria da constru\u00e7\u00e3o civil em atua\u00e7\u00e3o em Santa Catarina, comemorou na noite de ter\u00e7a-feira (28\/11) seus 75 anos. O evento reuniu cerca de 200 convidados, entre autoridades, empres\u00e1rios e profissionais da constru\u00e7\u00e3o civil.<\/p>\n<p>Representante de um dos setores que mais gera emprego e renda no pa\u00eds, o Sindicato da Ind\u00fastria da Constru\u00e7\u00e3o Civil conta com mais de 60 associados e representa cerca de 1.500 empresas da regi\u00e3o \u2013 principalmente construtoras e incorporadoras. Em Joinville, o setor emprega mais de 9 mil trabalhadores com carteira assinada.<\/p>\n<p>O presidente do SINDUSCON Joinville, engenheiro civil Carlos Lopes, se diz honrado em presidir a entidade, mas refor\u00e7a que o mais importante \u00e9 o legado deixado para a sociedade. \u201cPresidente e diretores s\u00e3o cargos passageiros, mas o legado constru\u00eddo h\u00e1 mais de sete d\u00e9cadas pelo SINDUSCON n\u00e3o. Comemorar 75 anos \u00e9 comemorar os desafios vencidos e as conquistas obtidas ao longo da hist\u00f3ria.\u201d<\/p>\n<p>O evento em comemora\u00e7\u00e3o ao anivers\u00e1rio do SINDUSCON Joinville teve o patroc\u00ednio das empresas Novalogic, Krona, Color X, Alum\u00ednios Tubar\u00e3o, Argamassa Dun Dun, Contra-chama, FGO, Concrebr\u00e1s, Rei das Divis\u00f3rias, Sala Engenharia, Ferreira Camargo Esquadrias, Portobello, Totvs, Cidade das \u00c1guas e CredCrea.<\/p>\n<p><strong>Profiss\u00e3o Construir<\/strong><\/p>\n<p>Al\u00e9m de representar as empresas da constru\u00e7\u00e3o civil e participar das discuss\u00f5es e das pol\u00edticas p\u00fablicas para o desenvolvimento da cidade, o SINDUSCON Joinville se preocupa com a forma\u00e7\u00e3o profissional, a empregabilidade, a sa\u00fade e a seguran\u00e7a dos trabalhadores.<\/p>\n<p>Como parte das comemora\u00e7\u00f5es de anivers\u00e1rio, o SINDUSCON Joinville lan\u00e7ou neste ano o projeto Profiss\u00e3o Construir, uma das maiores iniciativas de capacita\u00e7\u00e3o profissional do setor.<\/p>\n<p>O projeto \u00e9 realizado em conjunto com a FIESC, SENAI E SEBRAE em parceria com o SECONCI Joinville, Prefeitura e NDTV Record. A iniciativa conta com o apoio das empresas Krona Tubos e Conex\u00f5es, CDA Metais, EZA Administra\u00e7\u00e3o de Bens, Rock Investimentos, Tintomax Tintas e Vers\u00e1til Andaimes e Escoramentos.<\/p>\n<p>O objetivo do Profiss\u00e3o Construir \u00e9 acabar com o apag\u00e3o de m\u00e3o de obra qualificada na ind\u00fastria da constru\u00e7\u00e3o civil e despertar nos jovens o interesse pelo setor. \u201cSomos uma ind\u00fastria t\u00e3o atrativa quanto qualquer outra, com excelentes oportunidades para quem deseja seguir carreira no setor. Arrisco dizer, inclusive, que estamos entre as que oferecem melhor remunera\u00e7\u00e3o e \u00f3timas oportunidades de crescimento profissional\u201d, avalia Carlos.<\/p>\n<p><strong>Responsabilidade social<\/strong><\/p>\n<p>A seguran\u00e7a e a sa\u00fade dos trabalhadores s\u00e3o os carros-chefes do SECONCI Joinville, o bra\u00e7o social do SINDUSCON. A entidade desenvolve o programa Obra Mais Segura e, nesta ter\u00e7a-feira, premiou as empresas que se destacam no cuidado com seus profissionais e no uso de solu\u00e7\u00f5es inovadoras para garantir a conserva\u00e7\u00e3o da vida nos canteiros de obras.<\/p>\n<p>As boas pr\u00e1ticas das construtoras e incorporadoras tamb\u00e9m foram reconhecidas durante o evento de 75 anos. A segunda edi\u00e7\u00e3o do Pr\u00eamio SINDUSCON reconheceu projetos de inova\u00e7\u00e3o, responsabilidade social, tapume mais bonito, associados mais participativos e personalidades dos setores p\u00fablico e privado.<\/p>\n<p>A atua\u00e7\u00e3o de representantes do poder legislativo e executivo atentos \u00e0s demandas da ind\u00fastria da constru\u00e7\u00e3o civil tamb\u00e9m foi enaltecida com a entrega de men\u00e7\u00f5es honrosas.<\/p>\n<p><strong>VENCEDORES E HOMENAGEADOS DA NOITE<\/strong><\/p>\n<p><strong><u>Homenagem por tempo de filia\u00e7\u00e3o \u2013 15 ANOS<\/u><\/strong><\/p>\n<ul>\n<li>Concrebr\u00e1s<\/li>\n<li>Fator 3<\/li>\n<\/ul>\n<p><strong><u>Men\u00e7\u00e3o honrosa<\/u><\/strong><\/p>\n<ul>\n<li><strong>Deputado federal Darci de Matos<\/strong>, por sua atua\u00e7\u00e3o na aprova\u00e7\u00e3o da Lei Federal 14.285\/2021, que trata das margens de cursos e corpos d\u2019\u00e1gua em \u00e1reas urbanas consolidadas.<\/li>\n<li>Presidente da C\u00e2mara de Vereadores de Joinville, <strong>vereador Diego Machado<\/strong>, pelas discuss\u00f5es que levaram \u00e0 aprova\u00e7\u00e3o da Lei Complementar n\u00ba 601\/2022.<\/li>\n<li><strong>Secret\u00e1rio municipal de Meio Ambiente, F\u00e1bio Jovita<\/strong>, por sua aten\u00e7\u00e3o \u00e0s demandas da ind\u00fastria da constru\u00e7\u00e3o civil, em especial \u00e0 Lei Complementar n\u00ba 601\/2022.<\/li>\n<li><strong>Vice-prefeita de Joinville, Rejane Gambin<\/strong>, pelo Programa Joinville Mais Bonita, que conta com a participa\u00e7\u00e3o de associados do SINDUSCON Joinville.<\/li>\n<\/ul>\n<p><strong><u>2\u00ba Pr\u00eamio SINDUSCON <\/u><\/strong><\/p>\n<ul>\n<li><u>Tapume Mais Bonito<\/u>: empreendimento Soul, da Halsten Incorporadora<\/li>\n<li><u>Inova\u00e7\u00e3o<\/u>: projeto Fachada Ventilada, da Axia Vectra<\/li>\n<li><u>Responsabilidade Social<\/u>: projeto Parceria Verde com Joinville, da Daxo<\/li>\n<li><u>Personalidade do Setor Privado<\/u>: empres\u00e1rio Ant\u00f4nio Carlos Wolf.<\/li>\n<li><u>Personalidade do Setor P\u00fablico<\/u>: prefeito de Joinville, Adriano Silva.<\/li>\n<li><u>Associados Mais Participativos:<\/u><\/li>\n<\/ul>\n<ol>\n<li>Andr\u00e9 Pagel Eidelwein, da Arch Ability<\/li>\n<li>Bruno Freitas Cauduro de Oliveira, da Veja Construtora<\/li>\n<li>Francielly Nandi, da Alum\u00ednios Tubar\u00e3o<\/li>\n<li>Francisco Mauricio Jauregui Paz, da Adobe Engenharia<\/li>\n<li>Rafael Presente de Melo, da Incorposul<\/li>\n<\/ol>\n<p><strong><u>Pr\u00eamio Obra Mais Segura\/SECONCI<\/u><\/strong><\/p>\n<ul>\n<li><u>Destaque Agente Somas 2023<\/u>: Rog\u00e9rio Augusto de Carli, da Incorposul Empreendimentos<\/li>\n<li><u>Inova\u00e7\u00f5es e Recursos para Seguran\u00e7a<\/u>: Halsten Empreendimentos<\/li>\n<li><u>Investimento em Sa\u00fade no Canteiro de Obra<\/u>: Axia Vectra<\/li>\n<\/ul>\n<p>&nbsp;<\/p>\n<p>&nbsp;<\/p>\n<p>&nbsp;<\/p>\n","protected":false},"excerpt":{"rendered":"<p>Evento na noite de ter\u00e7a-feira (28\/11) reuniu cerca de 200 convidados e foi marcado por homenagens e premia\u00e7\u00f5es &nbsp; O SINDUSCON Joinville, o mais antigo sindicato da ind\u00fastria da constru\u00e7\u00e3o civil em atua\u00e7\u00e3o em Santa Catarina, comemorou na noite de ter\u00e7a-feira (28\/11) seus 75 anos. O evento reuniu cerca de 200 convidados, entre autoridades, empres\u00e1rios [&hellip;]<\/p>\n","protected":false},"author":2,"featured_media":1714,"comment_status":"closed","ping_status":"closed","sticky":false,"template":"","format":"standard","meta":{"footnotes":""},"categories":[9,10],"tags":[],"class_list":["post-1717","post","type-post","status-publish","format-standard","has-post-thumbnail","hentry","category-destaques","category-noticias","has-post-title","has-post-date","has-post-category","has-post-tag","has-post-comment","has-post-author",""],"_links":{"self":[{"href":"https:\/\/www.sinduscon-joinville.org.br\/v2021\/wp-json\/wp\/v2\/posts\/1717","targetHints":{"allow":["GET"]}}],"collection":[{"href":"https:\/\/www.sinduscon-joinville.org.br\/v2021\/wp-json\/wp\/v2\/posts"}],"about":[{"href":"https:\/\/www.sinduscon-joinville.org.br\/v2021\/wp-json\/wp\/v2\/types\/post"}],"author":[{"embeddable":true,"href":"https:\/\/www.sinduscon-joinville.org.br\/v2021\/wp-json\/wp\/v2\/users\/2"}],"replies":[{"embeddable":true,"href":"https:\/\/www.sinduscon-joinville.org.br\/v2021\/wp-json\/wp\/v2\/comments?post=1717"}],"version-history":[{"count":3,"href":"https:\/\/www.sinduscon-joinville.org.br\/v2021\/wp-json\/wp\/v2\/posts\/1717\/revisions"}],"predecessor-version":[{"id":1720,"href":"https:\/\/www.sinduscon-joinville.org.br\/v2021\/wp-json\/wp\/v2\/posts\/1717\/revisions\/1720"}],"wp:featuredmedia":[{"embeddable":true,"href":"https:\/\/www.sinduscon-joinville.org.br\/v2021\/wp-json\/wp\/v2\/media\/1714"}],"wp:attachment":[{"href":"https:\/\/www.sinduscon-joinville.org.br\/v2021\/wp-json\/wp\/v2\/media?parent=1717"}],"wp:term":[{"taxonomy":"category","embeddable":true,"href":"https:\/\/www.sinduscon-joinville.org.br\/v2021\/wp-json\/wp\/v2\/categories?post=1717"},{"taxonomy":"post_tag","embeddable":true,"href":"https:\/\/www.sinduscon-joinville.org.br\/v2021\/wp-json\/wp\/v2\/tags?post=1717"}],"curies":[{"name":"wp","href":"https:\/\/api.w.org\/{rel}","templated":true}]}}