{"id":2113,"date":"2024-05-09T16:25:13","date_gmt":"2024-05-09T19:25:13","guid":{"rendered":"https:\/\/www.sinduscon-joinville.org.br\/v2021\/?p=2113"},"modified":"2024-05-09T16:25:13","modified_gmt":"2024-05-09T19:25:13","slug":"profissao-construir-e-destaque-na-festa-do-trabalhador","status":"publish","type":"post","link":"https:\/\/www.sinduscon-joinville.org.br\/v2021\/profissao-construir-e-destaque-na-festa-do-trabalhador\/","title":{"rendered":"Profiss\u00e3o Construir \u00e9 destaque na Festa do Trabalhador"},"content":{"rendered":"<p><em>Arena com brincadeiras, gincanas e brindes chamou a aten\u00e7\u00e3o dos visitantes, que tamb\u00e9m puderam cadastrar seus curr\u00edculos e se inscrever para os cursos gratuitos da constru\u00e7\u00e3o civil<\/em><\/p>\n<p>&nbsp;<\/p>\n<p>A Arena do Profiss\u00e3o Construir montada na 21\u00aa Festa do Trabalhador da NDTV Record Joinville fez sucesso entre os visitantes. O tradicional evento \u2013 considerado o maior do Estado \u2013 aconteceu na Expoville, no dia 1\u00ba de maio, das 10h \u00e0s 17h. As atra\u00e7\u00f5es promovidas pelos parceiros do Profiss\u00e3o Construir chamaram a aten\u00e7\u00e3o do p\u00fablico.<\/p>\n<p>Desde cedo, fam\u00edlias inteiras aproveitaram as atividades e os brindes distribu\u00eddos. O Profiss\u00e3o Construir tamb\u00e9m manteve um estande para capta\u00e7\u00e3o de curr\u00edculos, divulga\u00e7\u00e3o do projeto e inscri\u00e7\u00f5es para os cursos profissionalizantes oferecidos gratuitamente \u00e0queles que desejam iniciar carreira ou se especializar na constru\u00e7\u00e3o civil.<\/p>\n<p>Engenheiro civil formado em Salvador, Mateus Braga Miranda, 28 anos, fez est\u00e1gios na cidade natal antes de se mudar para Joinville (aonde chegou em abril), mas sente falta do conhecimento pr\u00e1tico em obras.<\/p>\n<p>Em busca de emprego na cidade, ele cadastrou o curr\u00edculo no banco de talentos do Profiss\u00e3o Construir e se interessou pelos cursos de capacita\u00e7\u00e3o do projeto, como forma de complementar a forma\u00e7\u00e3o superior.<\/p>\n<p>\u201cOs treinamentos m\u00e3o na massa ajudam muito no entendimento do dia a dia no canteiro de obras, unificam a linguagem, facilitam a comunica\u00e7\u00e3o e padronizam os processos\u201d, disse o engenheiro.<\/p>\n<p><strong>Oportunidade para comprovar a experi\u00eancia<\/strong><\/p>\n<p>H\u00e1 35 anos trabalhando na constru\u00e7\u00e3o civil, Jorge \u00c1lvaro, 57 anos, tem experi\u00eancia de sobra, mas a falta de certificados de forma\u00e7\u00e3o e especializa\u00e7\u00e3o atrapalham a busca por melhores oportunidades nessa ind\u00fastria.<\/p>\n<p>\u201cConheci o projeto pela televis\u00e3o (durante uma exibi\u00e7\u00e3o no Balan\u00e7o Geral da ND TV Joinville) e decidi me inscrever nos pr\u00f3ximos cursos porque, assim, terei como comprovar as minhas habilidades e a experi\u00eancia adquirida no dia a dia. Se me falta um certificado, vou busc\u00e1-lo.\u201d<\/p>\n<p>Natural de Bel\u00e9m, ele j\u00e1 trabalhou em diversos estados brasileiros e, h\u00e1 cerca de 4 anos, vive em Joinville. \u201cJ\u00e1 rodei o pa\u00eds todo, mas Santa Catarina \u00e9 o melhor lugar para se viver, com \u00f3timas oportunidades de emprego e renda. Quem sai cedo de casa para trabalhar e se qualificar, com certeza prospera. O SINDUSCON est\u00e1 de parab\u00e9ns pelo projeto\u201d, elogiou Jorge.<\/p>\n<p>Outro exemplo \u00e9 Tobias Caldas de Freitas, 33 anos. Pedreiro desde os 18 anos, ele veio do Par\u00e1 para Joinville em 2019. \u201cA primeira coisa que pedem quando eu busco um emprego \u00e9 a minha forma\u00e7\u00e3o. Tenho experi\u00eancia inclusive como eletricista, mas tenho dificuldades para provar isso. As capacita\u00e7\u00f5es do Profiss\u00e3o Construir s\u00e3o \u2018show de bola\u2019 e \u00e9 por isso que vou me inscrever, para ter os certificados que est\u00e3o faltando.\u201d<\/p>\n<p><strong>Dia de divers\u00e3o e muitos brindes<\/strong><\/p>\n<p>A Festa do Trabalhador n\u00e3o foi apenas para quem procura emprego ou forma\u00e7\u00e3o na constru\u00e7\u00e3o civil. O setor tamb\u00e9m preparou um estande cheio de atividades, brincadeiras, brindes e muito conhecimento.<\/p>\n<p>Luciana Cardoso chegou cedo com a fam\u00edlia. Ela, o marido, a irm\u00e3 e o cunhado acompanharam a pequena Tatiane, 10 anos, nas brincadeiras oferecidas na Arena do Profiss\u00e3o Construir. \u201cEla \u00e9 muita ativa e participou de tudo, do chute a gol, do arremesso, maquiagem facial e pintura no painel. Superou at\u00e9 o medo de altura com os \u00f3culos de realidade virtual\u201d, festejou.<\/p>\n<p>A possibilidade de experimentar as solu\u00e7\u00f5es de trabalho em altura por meio de recursos de realidade virtual tamb\u00e9m atraiu o funcion\u00e1rio p\u00fablico Renato Marques e o profissional de marketing digital Bruno Ornelas. \u201cEssa simula\u00e7\u00e3o \u00e9 realmente perfeita\u201d, disse Renato. \u201cA experi\u00eancia de imers\u00e3o na \u2018altura\u2019 \u00e9 muito realista\u201d, completou Bruno, ambos visitantes da Festa do Trabalhador pela primeira vez.<\/p>\n<p>O casal Adriana Carvalho Ferreira Santos e Magno Ferreira Santos \u00e9 veterano no evento. \u201cA gente vem todo ano. Depois de cortar o cabelo, decidimos participar das din\u00e2micas da Arena do Profiss\u00e3o Construir. J\u00e1 t\u00ednhamos ouvido falar do projeto e agora viemos conhecer melhor\u201d, disse ela, enquanto o filho Eduardo Steil Ferreira Santos se divertia e acumulava brindes.<\/p>\n<p><strong>Conhe\u00e7a o projeto, curta e compartilhe<\/strong><\/p>\n<p>O Profiss\u00e3o Construir \u00e9 uma iniciativa do SINDUSCON Joinville junto com FIESC, SENAI e SEBRAE, em parceria com SECONCI, ND TV Record Joinville e Prefeitura Municipal de Joinville, com apoio da KRONA Tubos e Conex\u00f5es, CDA Metais, EZA Administra\u00e7\u00e3o de Bens, ROCK Investimentos, TINTOMAX Tintas e VERS\u00c1TIL Andaimes e Escoramentos.<\/p>\n<p>Para saber mais, acompanhar a agenda dos cursos e se inscrever, acesse <a href=\"https:\/\/profissaoconstruir.org.br\/\">https:\/\/profissaoconstruir.org.br\/<\/a>. Aproveite e siga o Instagram do projeto: <a href=\"https:\/\/www.instagram.com\/profissaoconstruir\/\">https:\/\/www.instagram.com\/profissaoconstruir\/<\/a><\/p>\n","protected":false},"excerpt":{"rendered":"<p>Arena com brincadeiras, gincanas e brindes chamou a aten\u00e7\u00e3o dos visitantes, que tamb\u00e9m puderam cadastrar seus curr\u00edculos e se inscrever para os cursos gratuitos da constru\u00e7\u00e3o civil &nbsp; A Arena do Profiss\u00e3o Construir montada na 21\u00aa Festa do Trabalhador da NDTV Record Joinville fez sucesso entre os visitantes. O tradicional evento \u2013 considerado o maior [&hellip;]<\/p>\n","protected":false},"author":2,"featured_media":2114,"comment_status":"closed","ping_status":"closed","sticky":false,"template":"","format":"standard","meta":{"footnotes":""},"categories":[10],"tags":[],"class_list":["post-2113","post","type-post","status-publish","format-standard","has-post-thumbnail","hentry","category-noticias","has-post-title","has-post-date","has-post-category","has-post-tag","has-post-comment","has-post-author",""],"_links":{"self":[{"href":"https:\/\/www.sinduscon-joinville.org.br\/v2021\/wp-json\/wp\/v2\/posts\/2113","targetHints":{"allow":["GET"]}}],"collection":[{"href":"https:\/\/www.sinduscon-joinville.org.br\/v2021\/wp-json\/wp\/v2\/posts"}],"about":[{"href":"https:\/\/www.sinduscon-joinville.org.br\/v2021\/wp-json\/wp\/v2\/types\/post"}],"author":[{"embeddable":true,"href":"https:\/\/www.sinduscon-joinville.org.br\/v2021\/wp-json\/wp\/v2\/users\/2"}],"replies":[{"embeddable":true,"href":"https:\/\/www.sinduscon-joinville.org.br\/v2021\/wp-json\/wp\/v2\/comments?post=2113"}],"version-history":[{"count":3,"href":"https:\/\/www.sinduscon-joinville.org.br\/v2021\/wp-json\/wp\/v2\/posts\/2113\/revisions"}],"predecessor-version":[{"id":2117,"href":"https:\/\/www.sinduscon-joinville.org.br\/v2021\/wp-json\/wp\/v2\/posts\/2113\/revisions\/2117"}],"wp:featuredmedia":[{"embeddable":true,"href":"https:\/\/www.sinduscon-joinville.org.br\/v2021\/wp-json\/wp\/v2\/media\/2114"}],"wp:attachment":[{"href":"https:\/\/www.sinduscon-joinville.org.br\/v2021\/wp-json\/wp\/v2\/media?parent=2113"}],"wp:term":[{"taxonomy":"category","embeddable":true,"href":"https:\/\/www.sinduscon-joinville.org.br\/v2021\/wp-json\/wp\/v2\/categories?post=2113"},{"taxonomy":"post_tag","embeddable":true,"href":"https:\/\/www.sinduscon-joinville.org.br\/v2021\/wp-json\/wp\/v2\/tags?post=2113"}],"curies":[{"name":"wp","href":"https:\/\/api.w.org\/{rel}","templated":true}]}}