{"id":2147,"date":"2024-05-29T16:47:29","date_gmt":"2024-05-29T19:47:29","guid":{"rendered":"https:\/\/www.sinduscon-joinville.org.br\/v2021\/?p=2147"},"modified":"2024-05-29T17:04:02","modified_gmt":"2024-05-29T20:04:02","slug":"sinduscon-joinville-elege-nova-diretoria-para-a-gestao-2024-2026","status":"publish","type":"post","link":"https:\/\/www.sinduscon-joinville.org.br\/v2021\/sinduscon-joinville-elege-nova-diretoria-para-a-gestao-2024-2026\/","title":{"rendered":"SINDUSCON Joinville elege nova diretoria para a gest\u00e3o 2024\/2026"},"content":{"rendered":"<p><em>Formada em Arquitetura e Urbanismo, empres\u00e1ria Ana Rita Vieira \u00e9 a primeira mulher a assumir a presid\u00eancia do sindicato<\/em><\/p>\n<p>&nbsp;<\/p>\n<p>O Sindicato da Ind\u00fastria da Constru\u00e7\u00e3o Civil de Joinville (SINDUSCON) ter\u00e1 nova diretoria a partir do dia 1\u00ba de junho. A arquiteta e urbanista com MBA em Gest\u00e3o Empresarial, Ana Rita Vieira, assumir\u00e1 a presid\u00eancia pelos pr\u00f3ximos dois anos no lugar do engenheiro civil Carlos Lopes, agora Diretor de Ind\u00fastria Imobili\u00e1ria.<\/p>\n<p>Pela primeira vez em sua hist\u00f3ria de mais de 75 anos, o SINDUSCON Joinville ter\u00e1 uma mulher como presidente. A vice-presid\u00eancia ser\u00e1 ocupada pelo engenheiro civil Ren\u00e9rio Elias Neto.<\/p>\n<p>Diretora Executiva na Construtora Viplan desde 2010, onde lidera o desenvolvimento de novos produtos e as \u00e1reas de incorpora\u00e7\u00e3o e vendas, Ana Rita integra a diretoria do SINDUSCON Joinville h\u00e1 8 anos, j\u00e1 tendo atuado na supl\u00eancia e nas \u00e1reas de Meio Ambiente, Ind\u00fastria Imobili\u00e1ria, Administra\u00e7\u00e3o e Financeiro.<\/p>\n<p>Agora como presidente do SINDUSCON Joinville, a empres\u00e1ria ser\u00e1 tamb\u00e9m delegada no Conselho de Representantes do sindicato junto a entidades estaduais e nacionais do setor.<\/p>\n<p>De acordo com a presidente eleita, Ana Rita Vieira, a ind\u00fastria da constru\u00e7\u00e3o civil \u00e9 uma importante indutora do desenvolvimento das cidades, por isso, o objetivo da sua gest\u00e3o \u00e9 manter os trabalhos em sinergia com as demandas da sociedade e os projetos do poder p\u00fablico.<\/p>\n<p>\u201cVamos dar continuidade ao excelente trabalho feito at\u00e9 aqui, fortalecendo as iniciativas que j\u00e1 est\u00e3o em andamento. Uma das principais frentes \u00e9 o Profiss\u00e3o Construir, um projeto de profissionaliza\u00e7\u00e3o e capta\u00e7\u00e3o de m\u00e3o de obra\u201d, diz a arquiteta.<\/p>\n<p>O Profiss\u00e3o Construir foi lan\u00e7ado em outubro de 2023 e, desde ent\u00e3o, vem formando trabalhadores em atividades operacionais do canteiro de obras. \u201cEsse projeto nos enche de orgulho, principalmente porque mostra \u00e0 sociedade que nossa ind\u00fastria oferece excelentes oportunidades para quem deseja se capacitar e crescer na carreira\u201d, comenta Ana Rita.<\/p>\n<p>Al\u00e9m de representar os interesses das empresas e defender o crescimento sustent\u00e1vel da cidade, o SINDUSCON Joinville se dedica a a\u00e7\u00f5es de sa\u00fade e seguran\u00e7a dos trabalhadores, promove semin\u00e1rios, palestras e feiras, incentiva a troca de conhecimentos e fomenta o networking.<\/p>\n<p>Por fim, a presidente completa: \u201cTamb\u00e9m aproveitaremos a oportunidade para mostrar \u00e0s mulheres que a constru\u00e7\u00e3o civil tem lugar para todos os talentos, seja no canteiro de obra, nas \u00e1reas de engenharia e arquitetura, nos cargos administrativos ou na lideran\u00e7a de empresas e de entidades do setor.\u201d<\/p>\n<p><strong>Nova diretoria do SINDUSCON Joinville \u2013 Bi\u00eanio 2024\/2026<\/strong><\/p>\n<p>Presidente: Ana Rita Vieira<\/p>\n<p>Vice-presidente: Ren\u00e9rio Elias Neto<\/p>\n<p>Diretora Administrativo Financeiro: Fernanda Baumer Wolf<\/p>\n<p>Diretor de Economia e Estat\u00edstica: Gustavo Rischbeck Todescat<\/p>\n<p>Diretor de Rela\u00e7\u00f5es Trabalhistas e Sindicais: Vilson Buss<\/p>\n<p>Diretor da Ind\u00fastria Imobili\u00e1ria e Profiss\u00e3o Construir: Carlos Manuel Carvalho Lopes<\/p>\n<p>Diretor de Obras P\u00fablicas e Servi\u00e7os: Emerson Siqueira<\/p>\n<p>Diretor de Rela\u00e7\u00f5es Institucionais: Bruno Freitas Cauduro de Oliveira<\/p>\n<p>Diretor de Meio Ambiente: Renan Gon\u00e7alves de Oliveira<\/p>\n<p>Suplente: Marco Antonio Corsini<\/p>\n<p>&nbsp;<\/p>\n<p><strong>CONSELHO FISCAL<\/strong><\/p>\n<p>Thiago Borba<\/p>\n<p>Mario Cezar Castro de Aguiar<\/p>\n<p>Francisco Mauricio Jauregui Paz<\/p>\n<p>Suplente: Oscar Puhl Filho<\/p>\n<p><strong>\u00a0<\/strong><\/p>\n<p><strong>DELEGADOS JUNTO AO CONSELHO DE REPRESENTANTES<\/strong><\/p>\n<p>Mario Cezar de Aguiar<\/p>\n<p>Ana Rita Vieira<\/p>\n<p>Suplentes: Marco Antonio Corsini e Jorge Luiz Correia de S\u00e1<\/p>\n<p>&nbsp;<\/p>\n","protected":false},"excerpt":{"rendered":"<p>Formada em Arquitetura e Urbanismo, empres\u00e1ria Ana Rita Vieira \u00e9 a primeira mulher a assumir a presid\u00eancia do sindicato &nbsp; O Sindicato da Ind\u00fastria da Constru\u00e7\u00e3o Civil de Joinville (SINDUSCON) ter\u00e1 nova diretoria a partir do dia 1\u00ba de junho. A arquiteta e urbanista com MBA em Gest\u00e3o Empresarial, Ana Rita Vieira, assumir\u00e1 a presid\u00eancia [&hellip;]<\/p>\n","protected":false},"author":2,"featured_media":2148,"comment_status":"closed","ping_status":"closed","sticky":false,"template":"","format":"standard","meta":{"footnotes":""},"categories":[10],"tags":[],"class_list":["post-2147","post","type-post","status-publish","format-standard","has-post-thumbnail","hentry","category-noticias","has-post-title","has-post-date","has-post-category","has-post-tag","has-post-comment","has-post-author",""],"_links":{"self":[{"href":"https:\/\/www.sinduscon-joinville.org.br\/v2021\/wp-json\/wp\/v2\/posts\/2147","targetHints":{"allow":["GET"]}}],"collection":[{"href":"https:\/\/www.sinduscon-joinville.org.br\/v2021\/wp-json\/wp\/v2\/posts"}],"about":[{"href":"https:\/\/www.sinduscon-joinville.org.br\/v2021\/wp-json\/wp\/v2\/types\/post"}],"author":[{"embeddable":true,"href":"https:\/\/www.sinduscon-joinville.org.br\/v2021\/wp-json\/wp\/v2\/users\/2"}],"replies":[{"embeddable":true,"href":"https:\/\/www.sinduscon-joinville.org.br\/v2021\/wp-json\/wp\/v2\/comments?post=2147"}],"version-history":[{"count":2,"href":"https:\/\/www.sinduscon-joinville.org.br\/v2021\/wp-json\/wp\/v2\/posts\/2147\/revisions"}],"predecessor-version":[{"id":2150,"href":"https:\/\/www.sinduscon-joinville.org.br\/v2021\/wp-json\/wp\/v2\/posts\/2147\/revisions\/2150"}],"wp:featuredmedia":[{"embeddable":true,"href":"https:\/\/www.sinduscon-joinville.org.br\/v2021\/wp-json\/wp\/v2\/media\/2148"}],"wp:attachment":[{"href":"https:\/\/www.sinduscon-joinville.org.br\/v2021\/wp-json\/wp\/v2\/media?parent=2147"}],"wp:term":[{"taxonomy":"category","embeddable":true,"href":"https:\/\/www.sinduscon-joinville.org.br\/v2021\/wp-json\/wp\/v2\/categories?post=2147"},{"taxonomy":"post_tag","embeddable":true,"href":"https:\/\/www.sinduscon-joinville.org.br\/v2021\/wp-json\/wp\/v2\/tags?post=2147"}],"curies":[{"name":"wp","href":"https:\/\/api.w.org\/{rel}","templated":true}]}}