{"id":2175,"date":"2024-07-16T15:46:37","date_gmt":"2024-07-16T18:46:37","guid":{"rendered":"https:\/\/www.sinduscon-joinville.org.br\/v2021\/?p=2175"},"modified":"2024-07-16T15:46:37","modified_gmt":"2024-07-16T18:46:37","slug":"empresaria-ana-rita-vieira-assume-a-presidencia-do-sinduscon-joinville-para-a-gestao-2024-2026","status":"publish","type":"post","link":"https:\/\/www.sinduscon-joinville.org.br\/v2021\/empresaria-ana-rita-vieira-assume-a-presidencia-do-sinduscon-joinville-para-a-gestao-2024-2026\/","title":{"rendered":"Empres\u00e1ria Ana Rita Vieira assume a presid\u00eancia do SINDUSCON Joinville para a Gest\u00e3o 2024\/2026"},"content":{"rendered":"<p>O Sindicato da Ind\u00fastria da Constru\u00e7\u00e3o Civil de Joinville (SINDUSCON) realizou na \u00faltima ter\u00e7a-feira (9\/7) a solenidade de posse da nova diretoria. O evento reuniu cerca de 250 convidados em uma noite marcada por homenagens e muita emo\u00e7\u00e3o.<\/p>\n<p>A arquiteta e urbanista com MBA em Gest\u00e3o Empresarial, Ana Rita Vieira, assume a presid\u00eancia do sindicato pelos pr\u00f3ximos dois anos no lugar do engenheiro civil Carlos Lopes, agora Diretor de Ind\u00fastria Imobili\u00e1ria. A vice-presid\u00eancia ser\u00e1 ocupada pelo engenheiro civil Ren\u00e9rio Elias Neto.<\/p>\n<p>Na oportunidade, a nova diretoria do SECONCI Joinville \u2013 bra\u00e7o social do SINDUSCON \u2013 tamb\u00e9m tomou posse. O empres\u00e1rio Ant\u00f4nio Carlos Wolf foi reconduzido \u00e0 presid\u00eancia por mais dois anos.<\/p>\n<p>O ex-presidente do sindicato, engenheiro civil Carlos Lopes, foi homenageado por sua atua\u00e7\u00e3o e dedica\u00e7\u00e3o especial ao Projeto Profiss\u00e3o Construir \u2013 uma iniciativa que promove a capacita\u00e7\u00e3o de m\u00e3o de obra para o setor. A noite foi dedicada ainda a homenagens \u00e0s empresas associadas ao SINDUSCON Joinville h\u00e1 5, 15, 20, 25, 30 e 40 anos.<\/p>\n<p>Emocionada, Ana Rita Vieira relembrou a inf\u00e2ncia nos canteiros de obra, sua estreita rela\u00e7\u00e3o com a constru\u00e7\u00e3o civil e o incentivo que sempre recebeu dos pais, empres\u00e1rios do setor. \u201cFoi ele (o pai) meu maior incentivador para estudar Arquitetura e, hoje, estar \u00e0 frente de uma construtora. Foi com meus pares, a maioria homens, que aprendi sobre o nosso mercado, mas com certeza foi com a minha m\u00e3e (engenheira civil com mais de 40 nos de experi\u00eancia) que entendi, desde muito pequena, onde eu poderia chegar.\u201d<\/p>\n<p>Diretora Executiva na Construtora Viplan desde 2010, Ana Rita Vieira lidera o desenvolvimento de novos produtos e as \u00e1reas de incorpora\u00e7\u00e3o e vendas. No SINDUSCON Joinville, foi membro da diretoria nos \u00faltimos oito anos, \u00e0 frente das \u00e1reas de Meio Ambiente, Ind\u00fastria Imobili\u00e1ria, Administra\u00e7\u00e3o e Financeiro.<\/p>\n<p>\u201cEm mais de 75 anos de hist\u00f3ria do SINDUSCON Joinville, esta \u00e9 a primeira vez que uma mulher preside o sindicato. Ao eleger uma mulher para a presid\u00eancia, o setor prova que est\u00e1 maduro e que pavimentou o caminho da equidade. Chegar aqui \u00e9, sem d\u00favidas, um dos momentos mais importantes da minha carreira\u201d, disse a empres\u00e1ria.<\/p>\n<p>Em seu discurso, Ana Rita agradeceu aos colegas da diretoria e elogiou o trabalho da equipe de t\u00e9cnicos da Secretaria de Meio Ambiente, capitaneada pelo secret\u00e1rio F\u00e1bio Jovita. \u00c0 Prefeitura, fez um pedido pela manuten\u00e7\u00e3o do foco e dos investimentos na SAMA para garantir ainda mais transpar\u00eancia, agilidade e desburocratiza\u00e7\u00e3o dos processos.<\/p>\n<p>O evento de posse da nova diretoria do SINDUSCON Joinville contou com o patroc\u00ednio da Mais Martins, Vers\u00e1til Andaimes, Krona Tubos e Conex\u00f5es, FIESC, Prevision, GF Esquadrias, Trada Portas e Rodap\u00e9s, Alum\u00ednios Tubar\u00e3o, Rainha do Porcelanato, CredCrea, Consis Seguran\u00e7a em Condom\u00ednios, Dome Acabamentos, Four Group, Evehx Engenharia, Cer\u00e2mica Tupi Guarani, Soufa e Totvs.<\/p>\n<p>&nbsp;<\/p>\n<p><strong>Nova diretoria do SINDUSCON Joinville \u2013 Bi\u00eanio 2024\/2026<\/strong><\/p>\n<p>Presidente: Ana Rita Vieira<\/p>\n<p>Vice-presidente: Ren\u00e9rio Elias Neto<\/p>\n<p>Diretora Administrativo Financeiro: Fernanda Baumer Wolf<\/p>\n<p>Diretor de Economia e Estat\u00edstica: Gustavo Rischbeck Todescat<\/p>\n<p>Diretor de Rela\u00e7\u00f5es Trabalhistas e Sindicais: Vilson Buss<\/p>\n<p>Diretor da Ind\u00fastria Imobili\u00e1ria e Profiss\u00e3o Construir: Carlos Manuel Carvalho Lopes<\/p>\n<p>Diretor de Obras P\u00fablicas e Servi\u00e7os: Emerson Siqueira<\/p>\n<p>Diretor de Rela\u00e7\u00f5es Institucionais: Bruno Freitas Cauduro de Oliveira<\/p>\n<p>Diretor de Meio Ambiente: Renan Gon\u00e7alves de Oliveira<\/p>\n<p>Suplente: Marco Antonio Corsini<\/p>\n<p>&nbsp;<\/p>\n<p><strong>CONSELHO FISCAL<\/strong><\/p>\n<p>Thiago Borba<\/p>\n<p>Mario Cezar Castro de Aguiar<\/p>\n<p>Francisco Mauricio Jauregui Paz<\/p>\n<p>Suplente: Oscar Puhl Filho<\/p>\n<p><strong>\u00a0<\/strong><\/p>\n<p><strong>DELEGADOS JUNTO AO CONSELHO DE REPRESENTANTES<\/strong><\/p>\n<p>Mario Cezar de Aguiar<\/p>\n<p>Ana Rita Vieira<\/p>\n<p>Suplentes: Marco Antonio Corsini e Jorge Luiz Correia de S\u00e1<\/p>\n<p>&nbsp;<\/p>\n<p>Acesso fotos do evento: https:\/\/lumenproduction.pixieset.com\/jantardepossesinduscon\/<\/p>\n","protected":false},"excerpt":{"rendered":"<p>O Sindicato da Ind\u00fastria da Constru\u00e7\u00e3o Civil de Joinville (SINDUSCON) realizou na \u00faltima ter\u00e7a-feira (9\/7) a solenidade de posse da nova diretoria. O evento reuniu cerca de 250 convidados em uma noite marcada por homenagens e muita emo\u00e7\u00e3o. A arquiteta e urbanista com MBA em Gest\u00e3o Empresarial, Ana Rita Vieira, assume a presid\u00eancia do sindicato [&hellip;]<\/p>\n","protected":false},"author":2,"featured_media":2176,"comment_status":"closed","ping_status":"closed","sticky":false,"template":"","format":"standard","meta":{"footnotes":""},"categories":[9,10],"tags":[],"class_list":["post-2175","post","type-post","status-publish","format-standard","has-post-thumbnail","hentry","category-destaques","category-noticias","has-post-title","has-post-date","has-post-category","has-post-tag","has-post-comment","has-post-author",""],"_links":{"self":[{"href":"https:\/\/www.sinduscon-joinville.org.br\/v2021\/wp-json\/wp\/v2\/posts\/2175","targetHints":{"allow":["GET"]}}],"collection":[{"href":"https:\/\/www.sinduscon-joinville.org.br\/v2021\/wp-json\/wp\/v2\/posts"}],"about":[{"href":"https:\/\/www.sinduscon-joinville.org.br\/v2021\/wp-json\/wp\/v2\/types\/post"}],"author":[{"embeddable":true,"href":"https:\/\/www.sinduscon-joinville.org.br\/v2021\/wp-json\/wp\/v2\/users\/2"}],"replies":[{"embeddable":true,"href":"https:\/\/www.sinduscon-joinville.org.br\/v2021\/wp-json\/wp\/v2\/comments?post=2175"}],"version-history":[{"count":2,"href":"https:\/\/www.sinduscon-joinville.org.br\/v2021\/wp-json\/wp\/v2\/posts\/2175\/revisions"}],"predecessor-version":[{"id":2178,"href":"https:\/\/www.sinduscon-joinville.org.br\/v2021\/wp-json\/wp\/v2\/posts\/2175\/revisions\/2178"}],"wp:featuredmedia":[{"embeddable":true,"href":"https:\/\/www.sinduscon-joinville.org.br\/v2021\/wp-json\/wp\/v2\/media\/2176"}],"wp:attachment":[{"href":"https:\/\/www.sinduscon-joinville.org.br\/v2021\/wp-json\/wp\/v2\/media?parent=2175"}],"wp:term":[{"taxonomy":"category","embeddable":true,"href":"https:\/\/www.sinduscon-joinville.org.br\/v2021\/wp-json\/wp\/v2\/categories?post=2175"},{"taxonomy":"post_tag","embeddable":true,"href":"https:\/\/www.sinduscon-joinville.org.br\/v2021\/wp-json\/wp\/v2\/tags?post=2175"}],"curies":[{"name":"wp","href":"https:\/\/api.w.org\/{rel}","templated":true}]}}