{"id":2504,"date":"2025-07-15T12:25:19","date_gmt":"2025-07-15T15:25:19","guid":{"rendered":"https:\/\/www.sinduscon-joinville.org.br\/v2021\/?p=2504"},"modified":"2025-08-22T16:35:54","modified_gmt":"2025-08-22T19:35:54","slug":"palestra-aborda-impactos-da-reforma-tributaria-na-construcao-civil","status":"publish","type":"post","link":"https:\/\/www.sinduscon-joinville.org.br\/v2021\/palestra-aborda-impactos-da-reforma-tributaria-na-construcao-civil\/","title":{"rendered":"Palestra aborda impactos da Reforma Tribut\u00e1ria na constru\u00e7\u00e3o civil"},"content":{"rendered":"<p style=\"text-align: center;\"><em>Presidente executivo da CBIC estar\u00e1 em Joinville no dia 29\/07, \u00e0s 19h, no audit\u00f3rio da Escola Sesi Moinho, a convite do SINDUSCON<\/em><\/p>\n<p>&nbsp;<\/p>\n<p>O advogado Fernando Guedes Ferreira Filho, presidente executivo da C\u00e2mara Brasileira da Ind\u00fastria da Constru\u00e7\u00e3o (CBIC), estar\u00e1 em Joinville no dia 29 de julho, \u00e0s 19 horas, para falar sobre os impactos da Reforma Tribut\u00e1ria na constru\u00e7\u00e3o civil. O evento organizado pelo SINDUSCON Joinville ser\u00e1 no audit\u00f3rio da Escola Sesi Moinho, com entrada gratuita.<\/p>\n<p>Advogado atuante no mercado imobili\u00e1rio e membro do Conselho Tem\u00e1tico de Assuntos Tribut\u00e1rios e Fiscais, Guedes vai detalhar os desafios e as oportunidades que a Reforma Tribut\u00e1ria apresenta \u00e0s empresas do setor.<\/p>\n<p>Entre os temas em discuss\u00e3o est\u00e3o as mudan\u00e7as na carga tribut\u00e1ria sobre materiais de constru\u00e7\u00e3o, servi\u00e7os e im\u00f3veis, os impactos nos custos dos empreendimentos, opera\u00e7\u00f5es com bens im\u00f3veis, tributa\u00e7\u00e3o sobre incorpora\u00e7\u00e3o, constru\u00e7\u00e3o e loteamentos, reflexos no mercado de loca\u00e7\u00e3o e novas regras para cr\u00e9dito, incentivos fiscais e regimes especiais de tributa\u00e7\u00e3o para diferentes tipos de empreendimentos ou projetos.<\/p>\n<p>Segundo o especialista, a Reforma Tribut\u00e1ria vai simplificar e modernizar o sistema tribut\u00e1rio brasileiro e pode ser positiva para a ind\u00fastria da constru\u00e7\u00e3o civil, mas toda mudan\u00e7a deve ser bem implementada para trazer seguran\u00e7a jur\u00eddica.<\/p>\n<p><img loading=\"lazy\" decoding=\"async\" class=\"aligncenter size-large wp-image-2528\" src=\"https:\/\/www.sinduscon-joinville.org.br\/v2021\/wp-content\/uploads\/2025\/07\/Realizacao-Palestra-Reforma-Tributaria-com-Fernando-Guedes-Palestra-1024x183.png\" alt=\"\" width=\"1024\" height=\"183\" srcset=\"https:\/\/www.sinduscon-joinville.org.br\/v2021\/wp-content\/uploads\/2025\/07\/Realizacao-Palestra-Reforma-Tributaria-com-Fernando-Guedes-Palestra-1024x183.png 1024w, https:\/\/www.sinduscon-joinville.org.br\/v2021\/wp-content\/uploads\/2025\/07\/Realizacao-Palestra-Reforma-Tributaria-com-Fernando-Guedes-Palestra-300x54.png 300w, https:\/\/www.sinduscon-joinville.org.br\/v2021\/wp-content\/uploads\/2025\/07\/Realizacao-Palestra-Reforma-Tributaria-com-Fernando-Guedes-Palestra-768x137.png 768w, https:\/\/www.sinduscon-joinville.org.br\/v2021\/wp-content\/uploads\/2025\/07\/Realizacao-Palestra-Reforma-Tributaria-com-Fernando-Guedes-Palestra.png 1080w\" sizes=\"auto, (max-width: 1024px) 100vw, 1024px\" \/><\/p>\n<p>\u201cA Reforma Tribut\u00e1ria \u00e9 um dos grandes movimentos transformadores, n\u00e3o s\u00f3 do setor imobili\u00e1rio, mas do pa\u00eds, e mudar\u00e1 completamente a mentalidade e a forma de apura\u00e7\u00e3o tribut\u00e1ria. Isso pode ser um incentivo ao setor imobili\u00e1rio e \u00e0 ind\u00fastria da constru\u00e7\u00e3o, por isso, merece ser divulgado de forma ampla\u201d, diz.<\/p>\n<p>Guedes vai apresentar em Joinville os detalhes da moderniza\u00e7\u00e3o tribut\u00e1ria, a simplifica\u00e7\u00e3o fiscal para incorporadoras, o fim da tributa\u00e7\u00e3o diferenciada entre sistemas construtivos, as novas al\u00edquotas para opera\u00e7\u00f5es imobili\u00e1rias e o inevit\u00e1vel reflexo no pre\u00e7o dos im\u00f3veis.<\/p>\n<p>A presidente do SINDUSCON Joinville, Ana Rita Vieira, diz que construtoras e incorporadores precisam entender como a Reforma Tribut\u00e1ria vai impactar os custos, os pre\u00e7os, a competitividade e as estrat\u00e9gias de neg\u00f3cio. \u201cAs empresas ter\u00e3o de revisar a precifica\u00e7\u00e3o de seus empreendimentos, sua estrat\u00e9gia comercial, o compliance fiscal e o impacto das mudan\u00e7as no custo de capital. Quem ignorar essas mudan\u00e7as est\u00e1 sujeito \u00e0 perda de rentabilidade\u201d, estima. Confira abaixo onde retirar seu ingresso gratuito.<\/p>\n<p><img loading=\"lazy\" decoding=\"async\" class=\"aligncenter size-large wp-image-2529\" src=\"https:\/\/www.sinduscon-joinville.org.br\/v2021\/wp-content\/uploads\/2025\/07\/Patrocinio-e-apoios-Palestra-Reforma-Tributaria-com-Fernando-Guedes-Palestra-1024x247.png\" alt=\"\" width=\"1024\" height=\"247\" srcset=\"https:\/\/www.sinduscon-joinville.org.br\/v2021\/wp-content\/uploads\/2025\/07\/Patrocinio-e-apoios-Palestra-Reforma-Tributaria-com-Fernando-Guedes-Palestra-1024x247.png 1024w, https:\/\/www.sinduscon-joinville.org.br\/v2021\/wp-content\/uploads\/2025\/07\/Patrocinio-e-apoios-Palestra-Reforma-Tributaria-com-Fernando-Guedes-Palestra-300x72.png 300w, https:\/\/www.sinduscon-joinville.org.br\/v2021\/wp-content\/uploads\/2025\/07\/Patrocinio-e-apoios-Palestra-Reforma-Tributaria-com-Fernando-Guedes-Palestra-768x185.png 768w, https:\/\/www.sinduscon-joinville.org.br\/v2021\/wp-content\/uploads\/2025\/07\/Patrocinio-e-apoios-Palestra-Reforma-Tributaria-com-Fernando-Guedes-Palestra.png 1080w\" sizes=\"auto, (max-width: 1024px) 100vw, 1024px\" \/><\/p>\n<p><strong>SERVI\u00c7O<\/strong><\/p>\n<ul>\n<li><strong>O qu\u00ea:<\/strong> Palestra \u201cReforma Tribut\u00e1ria e Constru\u00e7\u00e3o Civil: Quais ser\u00e3o os impactos reais para a sua empresa?\u201d<\/li>\n<li><strong>Quem:<\/strong> Fernando Guedes Ferreira Filho, Presidente Executivo da C\u00e2mara Brasileira da Ind\u00fastria da Constru\u00e7\u00e3o<\/li>\n<li><strong>Quando:<\/strong> 29\/07 (ter\u00e7a-feira), \u00e0s 19 horas<\/li>\n<li><strong>Onde:<\/strong> Escola SESI Moinho (audit\u00f3rio) \u2013 Rua Urussanga, 138<\/li>\n<li><strong>Quanto:<\/strong> Gratuito<\/li>\n<li style=\"text-align: left;\"><strong>Link de inscri\u00e7\u00e3o:<\/strong> <a href=\"http:\/\/bit.ly\/PalestraSinduscon\">bit.ly\/PalestraSinduscon<\/a><\/li>\n<li><strong>Mais informa\u00e7\u00f5es:<\/strong> SINDUSCON Joinville &#8211; 47 99725-0027<\/li>\n<\/ul>\n<p><em>\u00a0<\/em><\/p>\n","protected":false},"excerpt":{"rendered":"<p>Presidente executivo da CBIC estar\u00e1 em Joinville no dia 29\/07, \u00e0s 19h, no audit\u00f3rio da Escola Sesi Moinho, a convite do SINDUSCON &nbsp; O advogado Fernando Guedes Ferreira Filho, presidente executivo da C\u00e2mara Brasileira da Ind\u00fastria da Constru\u00e7\u00e3o (CBIC), estar\u00e1 em Joinville no dia 29 de julho, \u00e0s 19 horas, para falar sobre os impactos [&hellip;]<\/p>\n","protected":false},"author":3,"featured_media":2510,"comment_status":"closed","ping_status":"closed","sticky":false,"template":"","format":"standard","meta":{"footnotes":""},"categories":[10],"tags":[],"class_list":["post-2504","post","type-post","status-publish","format-standard","has-post-thumbnail","hentry","category-noticias","has-post-title","has-post-date","has-post-category","has-post-tag","has-post-comment","has-post-author",""],"_links":{"self":[{"href":"https:\/\/www.sinduscon-joinville.org.br\/v2021\/wp-json\/wp\/v2\/posts\/2504","targetHints":{"allow":["GET"]}}],"collection":[{"href":"https:\/\/www.sinduscon-joinville.org.br\/v2021\/wp-json\/wp\/v2\/posts"}],"about":[{"href":"https:\/\/www.sinduscon-joinville.org.br\/v2021\/wp-json\/wp\/v2\/types\/post"}],"author":[{"embeddable":true,"href":"https:\/\/www.sinduscon-joinville.org.br\/v2021\/wp-json\/wp\/v2\/users\/3"}],"replies":[{"embeddable":true,"href":"https:\/\/www.sinduscon-joinville.org.br\/v2021\/wp-json\/wp\/v2\/comments?post=2504"}],"version-history":[{"count":7,"href":"https:\/\/www.sinduscon-joinville.org.br\/v2021\/wp-json\/wp\/v2\/posts\/2504\/revisions"}],"predecessor-version":[{"id":2531,"href":"https:\/\/www.sinduscon-joinville.org.br\/v2021\/wp-json\/wp\/v2\/posts\/2504\/revisions\/2531"}],"wp:featuredmedia":[{"embeddable":true,"href":"https:\/\/www.sinduscon-joinville.org.br\/v2021\/wp-json\/wp\/v2\/media\/2510"}],"wp:attachment":[{"href":"https:\/\/www.sinduscon-joinville.org.br\/v2021\/wp-json\/wp\/v2\/media?parent=2504"}],"wp:term":[{"taxonomy":"category","embeddable":true,"href":"https:\/\/www.sinduscon-joinville.org.br\/v2021\/wp-json\/wp\/v2\/categories?post=2504"},{"taxonomy":"post_tag","embeddable":true,"href":"https:\/\/www.sinduscon-joinville.org.br\/v2021\/wp-json\/wp\/v2\/tags?post=2504"}],"curies":[{"name":"wp","href":"https:\/\/api.w.org\/{rel}","templated":true}]}}