{"id":2533,"date":"2025-07-31T16:02:49","date_gmt":"2025-07-31T19:02:49","guid":{"rendered":"https:\/\/www.sinduscon-joinville.org.br\/v2021\/?p=2533"},"modified":"2025-07-31T16:02:49","modified_gmt":"2025-07-31T19:02:49","slug":"palestra-sobre-reforma-tributaria-reune-200-pessoas-em-joinville","status":"publish","type":"post","link":"https:\/\/www.sinduscon-joinville.org.br\/v2021\/palestra-sobre-reforma-tributaria-reune-200-pessoas-em-joinville\/","title":{"rendered":"Palestra sobre Reforma Tribut\u00e1ria re\u00fane 200 pessoas em Joinville"},"content":{"rendered":"<p style=\"text-align: center;\"><em>Evento realizado pelo SINDUSCON, CBIC e entidades parceiras, com patroc\u00ednio da Totvs, abordou os impactos das novas regras de tributa\u00e7\u00e3o na constru\u00e7\u00e3o civil<\/p>\n<p><\/em><\/p>\n<p>O SINDUSCON Joinville reuniu cerca de 200 pessoas na noite de ter\u00e7a-feira, dia 29 de julho, no audit\u00f3rio da Escola Sesi, para discutir os impactos da Reforma Tribut\u00e1ria na ind\u00fastria da constru\u00e7\u00e3o civil e no mercado imobili\u00e1rio.<\/p>\n<p>O palestrante foi o advogado Fernando Guedes Ferreira Filho, presidente executivo da C\u00e2mara Brasileira da Ind\u00fastria da Constru\u00e7\u00e3o (CBIC) e membro do Conselho Tem\u00e1tico de Assuntos Tribut\u00e1rios e Fiscais da Confedera\u00e7\u00e3o Nacional da Ind\u00fastria (CONTRIF\/CNI).<\/p>\n<p>Durante uma hora e meia, Guedes apresentou a uma plateia atenta os principais pontos de aten\u00e7\u00e3o para as empresas do setor e os prazos para a implementa\u00e7\u00e3o gradativa do novo sistema tribut\u00e1rio. A vig\u00eancia plena do novo modelo est\u00e1 prevista para 2033.<\/p>\n<p>Participaram do evento empres\u00e1rios, representantes do poder p\u00fablico municipal, contadores, advogados, corretores e outros profissionais. A realiza\u00e7\u00e3o ficou por conta do SINDUSCON Joinville, com a chancela da C\u00e2mara Brasileira da Ind\u00fastria da Constru\u00e7\u00e3o, SECONCI e Escola SESI. O patroc\u00ednio foi da Totvs.<\/p>\n<p>Por ser um tema multidisciplinar, o evento teve o apoio e a participa\u00e7\u00e3o da ACCA, ACOMAC, AJECI, CEAJ, CEFIJO, SECOVI, SESCON, SINDICONT, ACIJ &#8211; por meio dos n\u00facleos de Constru\u00e7\u00e3o Civil, Empresas Cont\u00e1beis, Imobili\u00e1rias e Jur\u00eddico -, al\u00e9m das Comiss\u00f5es de Direito Tribut\u00e1rio e Imobili\u00e1rio da OAB\/SC.<\/p>\n<p>Durante sua fala, o advogado Fernando Guedes ressaltou a mudan\u00e7a de cultura pela qual a constru\u00e7\u00e3o civil ter\u00e1 de passar para se adaptar \u00e0 Reforma Tribut\u00e1ria; explicou os regimes adotados em opera\u00e7\u00f5es com bens im\u00f3veis; os redutores de al\u00edquota e de base de c\u00e1lculo; e mencionou o que deve ocorrer em casos espec\u00edficos como MEI, SIMPLES, condom\u00ednios, sociedades em conta de participa\u00e7\u00e3o (SCP) e fundos de investimento imobili\u00e1rio.<\/p>\n<p>O RET tamb\u00e9m entrou na pauta, assim como as etapas de transi\u00e7\u00e3o dos modelos tribut\u00e1rios das incorpora\u00e7\u00f5es e loteamentos. A partir de 1\u00ba de janeiro de 2029, todos os novos empreendimentos estar\u00e3o enquadrados no sistema atualizado de tributa\u00e7\u00e3o, o que requer das empresas, de imediato, a an\u00e1lise sobre a escolha do modelo adotado em seus lan\u00e7amentos.<\/p>\n<p>Guedes aproveitou a oportunidade para apresentar a PL 1087\/2025, que altera a legisla\u00e7\u00e3o do imposto de renda, e falou sobre al\u00edquotas de tributa\u00e7\u00e3o para as altas rendas. Al\u00e9m de listar os desafios do setor e provocar reflex\u00f5es, o advogado finalizou ressaltando o que considera ser uma das maiores vantagens da Reforma Tribut\u00e1ria para o setor: o incentivo \u00e0 produtividade, efici\u00eancia e industrializa\u00e7\u00e3o off site.<\/p>\n<p style=\"text-align: left;\">A presidente do SINDUSCON Joinville, Ana Rita Vieira, lembrou que o sindicato \u00e9 defensor de mudan\u00e7as que atualizem a legisla\u00e7\u00e3o, tragam transpar\u00eancia, diminuam a complexidade, equalizem distor\u00e7\u00f5es e deem seguran\u00e7a jur\u00eddica \u00e0s empresas. \u201cH\u00e1 muito tempo esperamos pela moderniza\u00e7\u00e3o do sistema tribut\u00e1rio brasileiro e quanto antes as empresas entenderem o novo modelo, mais rapidamente conseguir\u00e3o se adaptar.\u201d<\/p>\n<p style=\"text-align: left;\"><em>\u00a0<\/em><\/p>\n","protected":false},"excerpt":{"rendered":"<p>Evento realizado pelo SINDUSCON, CBIC e entidades parceiras, com patroc\u00ednio da Totvs, abordou os impactos das novas regras de tributa\u00e7\u00e3o na constru\u00e7\u00e3o civil O SINDUSCON Joinville reuniu cerca de 200 pessoas na noite de ter\u00e7a-feira, dia 29 de julho, no audit\u00f3rio da Escola Sesi, para discutir os impactos da Reforma Tribut\u00e1ria na ind\u00fastria da constru\u00e7\u00e3o [&hellip;]<\/p>\n","protected":false},"author":3,"featured_media":2534,"comment_status":"closed","ping_status":"closed","sticky":false,"template":"","format":"standard","meta":{"footnotes":""},"categories":[9,10],"tags":[],"class_list":["post-2533","post","type-post","status-publish","format-standard","has-post-thumbnail","hentry","category-destaques","category-noticias","has-post-title","has-post-date","has-post-category","has-post-tag","has-post-comment","has-post-author",""],"_links":{"self":[{"href":"https:\/\/www.sinduscon-joinville.org.br\/v2021\/wp-json\/wp\/v2\/posts\/2533","targetHints":{"allow":["GET"]}}],"collection":[{"href":"https:\/\/www.sinduscon-joinville.org.br\/v2021\/wp-json\/wp\/v2\/posts"}],"about":[{"href":"https:\/\/www.sinduscon-joinville.org.br\/v2021\/wp-json\/wp\/v2\/types\/post"}],"author":[{"embeddable":true,"href":"https:\/\/www.sinduscon-joinville.org.br\/v2021\/wp-json\/wp\/v2\/users\/3"}],"replies":[{"embeddable":true,"href":"https:\/\/www.sinduscon-joinville.org.br\/v2021\/wp-json\/wp\/v2\/comments?post=2533"}],"version-history":[{"count":2,"href":"https:\/\/www.sinduscon-joinville.org.br\/v2021\/wp-json\/wp\/v2\/posts\/2533\/revisions"}],"predecessor-version":[{"id":2536,"href":"https:\/\/www.sinduscon-joinville.org.br\/v2021\/wp-json\/wp\/v2\/posts\/2533\/revisions\/2536"}],"wp:featuredmedia":[{"embeddable":true,"href":"https:\/\/www.sinduscon-joinville.org.br\/v2021\/wp-json\/wp\/v2\/media\/2534"}],"wp:attachment":[{"href":"https:\/\/www.sinduscon-joinville.org.br\/v2021\/wp-json\/wp\/v2\/media?parent=2533"}],"wp:term":[{"taxonomy":"category","embeddable":true,"href":"https:\/\/www.sinduscon-joinville.org.br\/v2021\/wp-json\/wp\/v2\/categories?post=2533"},{"taxonomy":"post_tag","embeddable":true,"href":"https:\/\/www.sinduscon-joinville.org.br\/v2021\/wp-json\/wp\/v2\/tags?post=2533"}],"curies":[{"name":"wp","href":"https:\/\/api.w.org\/{rel}","templated":true}]}}