{"id":2560,"date":"2025-08-28T17:25:28","date_gmt":"2025-08-28T20:25:28","guid":{"rendered":"https:\/\/www.sinduscon-joinville.org.br\/v2021\/?p=2560"},"modified":"2025-08-28T17:25:28","modified_gmt":"2025-08-28T20:25:28","slug":"sinduscon-joinville-cria-instituto-profissao-construir","status":"publish","type":"post","link":"https:\/\/www.sinduscon-joinville.org.br\/v2021\/sinduscon-joinville-cria-instituto-profissao-construir\/","title":{"rendered":"SINDUSCON Joinville cria Instituto Profiss\u00e3o Construir"},"content":{"rendered":"<p style=\"text-align: center;\"><em>Entidade sem fins lucrativos ser\u00e1 dedicada \u00e0 forma\u00e7\u00e3o de profissionais para a ind\u00fastria da constru\u00e7\u00e3o civil; primeira diretoria foi eleita nesta semana<\/p>\n<p><\/em><\/p>\n<p>A ind\u00fastria da constru\u00e7\u00e3o civil acaba de ganhar um refor\u00e7o nas estrat\u00e9gias para acabar com o apag\u00e3o de m\u00e3o de obra. Nesta semana foi oficializada em Joinville a cria\u00e7\u00e3o do Instituto Profiss\u00e3o Construir. A aprova\u00e7\u00e3o do estatuto e a elei\u00e7\u00e3o da primeira diretoria ocorreram na ter\u00e7a-feira, dia 26 de agosto. Por aclama\u00e7\u00e3o, o engenheiro civil Carlos Lopes assumiu a presid\u00eancia do Instituto na gest\u00e3o 2025-2027.<\/p>\n<p>Com a cria\u00e7\u00e3o da nova institui\u00e7\u00e3o jur\u00eddica, o SINDUSCON Joinville pretende alavancar o projeto Profiss\u00e3o Construir, criado em outubro de 2023. \u201cPor meio do Instituto, vamos dar mais consist\u00eancia e robustez aos esfor\u00e7os do setor para formar m\u00e3o de obra e garantir emprego, renda e qualidade de vida para os trabalhadores. Nossa expectativa \u00e9 deixar esse legado e servir de exemplo para outros munic\u00edpios\u201d, diz o presidente.<\/p>\n<p>Desde 2023, o SINDUSCON Joinville desenvolve um programa de capacita\u00e7\u00e3o profissional com o objetivo de atrair e reter talentos, mostrando todas as oportunidades de carreira que a ind\u00fastria da constru\u00e7\u00e3o civil tem a oferecer. Com a cria\u00e7\u00e3o de um instituto sem fins lucrativos, o objetivo \u00e9 facilitar a capta\u00e7\u00e3o de recursos, abrir novos cursos e ampliar as vagas.<\/p>\n<p>Desde novembro de 2023, o Profiss\u00e3o Construir abriu 53 turmas em 13 diferentes cursos (ajudante da constru\u00e7\u00e3o civil, pedreiro de alvenaria, instalador hidr\u00e1ulico, auxiliar de pintor predial, auxiliar de eletricista etc.)<\/p>\n<p>At\u00e9 julho deste ano, 702 trabalhadores foram formados pelo programa, sendo 38 mulheres. Cerca de 80% j\u00e1 est\u00e3o trabalhando na constru\u00e7\u00e3o civil. \u00a0Cada m\u00f3dulo da Trilha de Conhecimento do Profiss\u00e3o Construir tem em m\u00e9dia 48h\/aula, sendo 50% da carga hor\u00e1ria dedicada a atividades pr\u00e1ticas (m\u00e3o na massa).<\/p>\n<p>Os cursos s\u00e3o 100% gratuitos e todos os alunos recebem vale transporte, lanche, kit de EPIs, camiseta e certificado. Ap\u00f3s formados, os trabalhadores s\u00e3o encaminhados \u00e0s empresas com vagas em aberto.<\/p>\n<p>A presidente do SINDUSCON Joinville, Ana Rita Vieira, comemora a cria\u00e7\u00e3o do Instituto Profiss\u00e3o Construir. \u201cEsse projeto volunt\u00e1rio nasceu para suprir uma demanda das empresas locais e agora inspira outros munic\u00edpios da regi\u00e3o. Um exemplo \u00e9 Itapo\u00e1, que abriu sua primeira turma no final do ano passado. Pi\u00e7arras e Brusque tamb\u00e9m j\u00e1 manifestaram interesse em oferecer os cursos em suas cidades.\u201d<\/p>\n<p>O Programa Profiss\u00e3o Construir \u00e9 uma iniciativa do SINDUSCON Joinville junto com FIESC, SENAI e SEBRAE, em parceria com a NDTV, SECONCI e Prefeitura Municipal de Joinville. A iniciativa conta com o patroc\u00ednio das empresas KRONA Tubos e Conex\u00f5es, DunDun, EZA Administra\u00e7\u00e3o de Bens, TINTOMAX Tintas e VERS\u00c1TIL Andaimes e Escoramentos.<\/p>\n<p>Todas as informa\u00e7\u00f5es sobre os pr\u00f3ximos cursos e a abertura das matr\u00edculas est\u00e3o dispon\u00edveis no site <a href=\"https:\/\/profissaoconstruir.org.br\/\">https:\/\/profissaoconstruir.org.br\/<\/a> ou nas redes sociais (@profiss\u00e3oconstruir).<\/p>\n<p><u>Diretoria do Instituto Profiss\u00e3o Construir \u2013 Gest\u00e3o 2025-2027<\/u><\/p>\n<ul>\n<li>Presidente \u2013 Carlos Lopes<\/li>\n<li>Diretor de ensino \u2013 Roger Philippi<\/li>\n<li>Diretor Administrativo-Financeiro \u2013 Ren\u00e9rio Neto<\/li>\n<li>1\u00ba suplente \u2013 Naldo Ribeiro<\/li>\n<li>2\u00ba suplente \u2013 Ana Rita Vieira<\/li>\n<\/ul>\n<p><u>CONSELHO FISCAL<\/u><\/p>\n<ul>\n<li>Efetivos: Marco Antonio Corsini, Antonio Carlos Wolf e Marco Goetten<\/li>\n<li>Suplente: Emerson Siqueira<\/li>\n<\/ul>\n<p><u>CONSELHO CURADOR<\/u><\/p>\n<ul>\n<li>Neide Sosvianin, Thiago Borga, SandraCampos, Pablo Kirsten, Max Adriano Kogler e Zigomar Lopes J\u00fanior<\/li>\n<\/ul>\n<p>&nbsp;<\/p>\n<p><strong>Assessoria de imprensa<\/strong><\/p>\n<p>Graziela Lindner \u2013 47 99176-0080<\/p>\n","protected":false},"excerpt":{"rendered":"<p>Entidade sem fins lucrativos ser\u00e1 dedicada \u00e0 forma\u00e7\u00e3o de profissionais para a ind\u00fastria da constru\u00e7\u00e3o civil; primeira diretoria foi eleita nesta semana A ind\u00fastria da constru\u00e7\u00e3o civil acaba de ganhar um refor\u00e7o nas estrat\u00e9gias para acabar com o apag\u00e3o de m\u00e3o de obra. Nesta semana foi oficializada em Joinville a cria\u00e7\u00e3o do Instituto Profiss\u00e3o Construir. [&hellip;]<\/p>\n","protected":false},"author":3,"featured_media":2564,"comment_status":"closed","ping_status":"closed","sticky":false,"template":"","format":"standard","meta":{"footnotes":""},"categories":[9,10],"tags":[],"class_list":["post-2560","post","type-post","status-publish","format-standard","has-post-thumbnail","hentry","category-destaques","category-noticias","has-post-title","has-post-date","has-post-category","has-post-tag","has-post-comment","has-post-author",""],"_links":{"self":[{"href":"https:\/\/www.sinduscon-joinville.org.br\/v2021\/wp-json\/wp\/v2\/posts\/2560","targetHints":{"allow":["GET"]}}],"collection":[{"href":"https:\/\/www.sinduscon-joinville.org.br\/v2021\/wp-json\/wp\/v2\/posts"}],"about":[{"href":"https:\/\/www.sinduscon-joinville.org.br\/v2021\/wp-json\/wp\/v2\/types\/post"}],"author":[{"embeddable":true,"href":"https:\/\/www.sinduscon-joinville.org.br\/v2021\/wp-json\/wp\/v2\/users\/3"}],"replies":[{"embeddable":true,"href":"https:\/\/www.sinduscon-joinville.org.br\/v2021\/wp-json\/wp\/v2\/comments?post=2560"}],"version-history":[{"count":3,"href":"https:\/\/www.sinduscon-joinville.org.br\/v2021\/wp-json\/wp\/v2\/posts\/2560\/revisions"}],"predecessor-version":[{"id":2566,"href":"https:\/\/www.sinduscon-joinville.org.br\/v2021\/wp-json\/wp\/v2\/posts\/2560\/revisions\/2566"}],"wp:featuredmedia":[{"embeddable":true,"href":"https:\/\/www.sinduscon-joinville.org.br\/v2021\/wp-json\/wp\/v2\/media\/2564"}],"wp:attachment":[{"href":"https:\/\/www.sinduscon-joinville.org.br\/v2021\/wp-json\/wp\/v2\/media?parent=2560"}],"wp:term":[{"taxonomy":"category","embeddable":true,"href":"https:\/\/www.sinduscon-joinville.org.br\/v2021\/wp-json\/wp\/v2\/categories?post=2560"},{"taxonomy":"post_tag","embeddable":true,"href":"https:\/\/www.sinduscon-joinville.org.br\/v2021\/wp-json\/wp\/v2\/tags?post=2560"}],"curies":[{"name":"wp","href":"https:\/\/api.w.org\/{rel}","templated":true}]}}