{"id":2621,"date":"2025-12-03T17:50:14","date_gmt":"2025-12-03T20:50:14","guid":{"rendered":"https:\/\/www.sinduscon-joinville.org.br\/v2021\/?p=2621"},"modified":"2025-12-03T17:50:14","modified_gmt":"2025-12-03T20:50:14","slug":"profissao-construir-conquista-primeiro-lugar-em-premio-nacional","status":"publish","type":"post","link":"https:\/\/www.sinduscon-joinville.org.br\/v2021\/profissao-construir-conquista-primeiro-lugar-em-premio-nacional\/","title":{"rendered":"Profiss\u00e3o Construir conquista primeiro lugar em pr\u00eamio nacional"},"content":{"rendered":"<p><em>Programa de valoriza\u00e7\u00e3o e capacita\u00e7\u00e3o profissional do SINDUSCON Joinville foi o vencedor do Pr\u00eamio CBIC de Responsabilidade Social na categoria Entidade<\/em><\/p>\n<p>O Profiss\u00e3o Construir \u2013 programa de valoriza\u00e7\u00e3o e capacita\u00e7\u00e3o de trabalhadores da constru\u00e7\u00e3o civil desenvolvido pelo SINDUSCON Joinville \u2013 conquistou o primeiro lugar no Pr\u00eamio de Responsabilidade Social da C\u00e2mara Brasileira da Ind\u00fastria da Constru\u00e7\u00e3o (CBIC) na categoria Entidade.<\/p>\n<p>O an\u00fancio foi feito na noite desta ter\u00e7a-feira (2\/12) em Bras\u00edlia. A presidente do SINDUSCON Joinville, Ana Rita Vieira, e o presidente do Instituto Profiss\u00e3o Construir, Carlos Lopes, participaram da solenidade organizada pela CBIC.<\/p>\n<p>Pelas redes sociais, associados do SINDUSCON Joinville e parceiros do Profiss\u00e3o Construir acompanharam o an\u00fancio e comemoraram a not\u00edcia em tempo real. O evento foi prestigiado tamb\u00e9m pelo vereador Lucas Souza, que cumpria agendas em Bras\u00edlia.<\/p>\n<p>Desde novembro de 2023, quando foi lan\u00e7ado, o Profiss\u00e3o Construir j\u00e1 formou mais de 800 alunos, sendo 45 mulheres. O programa tamb\u00e9m capacitou duas pessoas em situa\u00e7\u00e3o de rua, que hoje t\u00eam moradia e renda.<\/p>\n<p>Com mais de 60 turmas conclu\u00eddas em 13 diferentes \u00e1reas operacionais, o Profiss\u00e3o Construir mant\u00e9m um \u00edndice de empregabilidade superior a 80% entre os alunos formados.<\/p>\n<p>Os cursos s\u00e3o 100% gratuitos e os participantes recebem alimenta\u00e7\u00e3o, vale-transporte e EPIs (equipamentos de prote\u00e7\u00e3o individual). Ap\u00f3s concluir o m\u00f3dulo, eles s\u00e3o encaminhados \u00e0s construtoras e empreiteiras com vagas em aberto.<\/p>\n<p>Segundo Ana Rita, o pr\u00eamio confirma que investir na forma\u00e7\u00e3o t\u00e9cnica, na qualifica\u00e7\u00e3o cont\u00ednua e na valoriza\u00e7\u00e3o das pessoas \u00e9 o caminho mais estrat\u00e9gico para fortalecer a cadeia da constru\u00e7\u00e3o civil.<\/p>\n<p>\u201cO Profiss\u00e3o Construir nasceu para transformar realidades e hoje vemos isso acontecer em escala. Superar a marca de 800 alunos formados mostra que o programa n\u00e3o \u00e9 apenas socialmente relevante, ele \u00e9 economicamente necess\u00e1rio para atender \u00e0s demandas crescentes do setor\u201d, avalia.<\/p>\n<p>\u00c0 frente do Instituto Profiss\u00e3o Construir, Carlos Lopes diz que o reconhecimento nacional da CBIC coroa um trabalho orientado por resultados concretos. \u201cCriamos um modelo de qualifica\u00e7\u00e3o gratuito, acess\u00edvel e conectado \u00e0s reais necessidades do setor, reduzindo gaps de m\u00e3o de obra e abrindo oportunidades para quem deseja construir uma trajet\u00f3ria profissional.\u201d<\/p>\n<p>De acordo com Lopes, a forma\u00e7\u00e3o de mulheres, jovens e trabalhadores em transi\u00e7\u00e3o de carreira refor\u00e7a o impacto social do Instituto. \u201cEste pr\u00eamio nos motiva a elevar o programa a um novo patamar, com mais cursos, mais parcerias e ainda mais transforma\u00e7\u00f5es positivas para o setor. Queremos deixar este legado para a constru\u00e7\u00e3o civil.\u201d<\/p>\n<p>A 17\u00aa edi\u00e7\u00e3o do Pr\u00eamio CBIC de Responsabilidade Social \u2013 Trof\u00e9u Paulo Safady Sim\u00e3o \u00e9 uma realiza\u00e7\u00e3o da Comiss\u00e3o de Responsabilidade Social da C\u00e2mara Brasileira da Ind\u00fastria da Constru\u00e7\u00e3o em correaliza\u00e7\u00e3o com o SESI Nacional. O pr\u00eamio segue as diretrizes da ISO 26000, valorizando iniciativas que ampliam o impacto social da ind\u00fastria da constru\u00e7\u00e3o.<\/p>\n<p>O Profiss\u00e3o Construir \u00e9 uma iniciativa do SINDUSCON Joinville junto com FIESC, SENAI e SEBRAE, em parceria com SECONCI e Prefeitura Municipal de Joinville. A iniciativa conta com o apoio das empresas KRONA Tubos e Conex\u00f5es, Alum\u00ednios Tubar\u00e3o, DunDun, EZA Administra\u00e7\u00e3o de Bens, Futura Tintas e VERS\u00c1TIL Andaimes e Escoramentos.<\/p>\n","protected":false},"excerpt":{"rendered":"<p>Programa de valoriza\u00e7\u00e3o e capacita\u00e7\u00e3o profissional do SINDUSCON Joinville foi o vencedor do Pr\u00eamio CBIC de Responsabilidade Social na categoria Entidade O Profiss\u00e3o Construir \u2013 programa de valoriza\u00e7\u00e3o e capacita\u00e7\u00e3o de trabalhadores da constru\u00e7\u00e3o civil desenvolvido pelo SINDUSCON Joinville \u2013 conquistou o primeiro lugar no Pr\u00eamio de Responsabilidade Social da C\u00e2mara Brasileira da Ind\u00fastria da [&hellip;]<\/p>\n","protected":false},"author":3,"featured_media":2622,"comment_status":"closed","ping_status":"closed","sticky":false,"template":"","format":"standard","meta":{"footnotes":""},"categories":[8,9,10],"tags":[],"class_list":["post-2621","post","type-post","status-publish","format-standard","has-post-thumbnail","hentry","category-associados","category-destaques","category-noticias","has-post-title","has-post-date","has-post-category","has-post-tag","has-post-comment","has-post-author",""],"_links":{"self":[{"href":"https:\/\/www.sinduscon-joinville.org.br\/v2021\/wp-json\/wp\/v2\/posts\/2621","targetHints":{"allow":["GET"]}}],"collection":[{"href":"https:\/\/www.sinduscon-joinville.org.br\/v2021\/wp-json\/wp\/v2\/posts"}],"about":[{"href":"https:\/\/www.sinduscon-joinville.org.br\/v2021\/wp-json\/wp\/v2\/types\/post"}],"author":[{"embeddable":true,"href":"https:\/\/www.sinduscon-joinville.org.br\/v2021\/wp-json\/wp\/v2\/users\/3"}],"replies":[{"embeddable":true,"href":"https:\/\/www.sinduscon-joinville.org.br\/v2021\/wp-json\/wp\/v2\/comments?post=2621"}],"version-history":[{"count":3,"href":"https:\/\/www.sinduscon-joinville.org.br\/v2021\/wp-json\/wp\/v2\/posts\/2621\/revisions"}],"predecessor-version":[{"id":2626,"href":"https:\/\/www.sinduscon-joinville.org.br\/v2021\/wp-json\/wp\/v2\/posts\/2621\/revisions\/2626"}],"wp:featuredmedia":[{"embeddable":true,"href":"https:\/\/www.sinduscon-joinville.org.br\/v2021\/wp-json\/wp\/v2\/media\/2622"}],"wp:attachment":[{"href":"https:\/\/www.sinduscon-joinville.org.br\/v2021\/wp-json\/wp\/v2\/media?parent=2621"}],"wp:term":[{"taxonomy":"category","embeddable":true,"href":"https:\/\/www.sinduscon-joinville.org.br\/v2021\/wp-json\/wp\/v2\/categories?post=2621"},{"taxonomy":"post_tag","embeddable":true,"href":"https:\/\/www.sinduscon-joinville.org.br\/v2021\/wp-json\/wp\/v2\/tags?post=2621"}],"curies":[{"name":"wp","href":"https:\/\/api.w.org\/{rel}","templated":true}]}}