{"id":2745,"date":"2026-04-15T14:27:49","date_gmt":"2026-04-15T17:27:49","guid":{"rendered":"https:\/\/www.sinduscon-joinville.org.br\/v2021\/?p=2745"},"modified":"2026-04-15T16:57:12","modified_gmt":"2026-04-15T19:57:12","slug":"missao-tecnica-de-sc-consolida-presenca-na-feicon-2026-com-foco-em-negocios-e-inovacao-para-a-construcao-civil","status":"publish","type":"post","link":"https:\/\/www.sinduscon-joinville.org.br\/v2021\/missao-tecnica-de-sc-consolida-presenca-na-feicon-2026-com-foco-em-negocios-e-inovacao-para-a-construcao-civil\/","title":{"rendered":"Miss\u00e3o T\u00e9cnica de SC consolida presen\u00e7a na Feicon 2026 com foco em neg\u00f3cios e inova\u00e7\u00e3o para a constru\u00e7\u00e3o civil"},"content":{"rendered":"<p><i><span style=\"font-weight: 400;\">Comitiva liderada pelo Sinduscon Joinville e Amato Neg\u00f3cios visitou a feira com o apoio de cinco grandes marcas, garantindo acesso direto a fornecedores e otimizando a agenda de empres\u00e1rios do estado.<br \/>\n<\/span><\/i><\/p>\n<p><span style=\"font-weight: 400;\">Terminou na \u00faltima sexta-feira (10), no S\u00e3o Paulo Expo, a edi\u00e7\u00e3o de 2026 da Feicon, o principal evento da constru\u00e7\u00e3o civil e arquitetura do pa\u00eds. Ap\u00f3s receber cerca de 100 mil visitantes, a feira consolidou-se mais uma vez como o term\u00f4metro anual do setor. A magnitude do evento impressionou: foram 100.000 metros quadrados de espa\u00e7o total de exposi\u00e7\u00e3o, distribu\u00eddos por pavilh\u00f5es que ultrapassam os 170 metros de comprimento cada. Para n\u00e3o se perder em meio ao grande volume de p\u00fablico e \u00e0 vastid\u00e3o do local, uma delega\u00e7\u00e3o de Santa Catarina adotou uma estrat\u00e9gia diferente: visitar o evento atrav\u00e9s de uma Miss\u00e3o T\u00e9cnica estruturada.<\/span><\/p>\n<p><span style=\"font-weight: 400;\">Realizada na \u00faltima quinta-feira (09), a miss\u00e3o foi organizada pelo Sinduscon Joinville e Amato Neg\u00f3cios, reunindo empres\u00e1rios, compradores e diretores de construtoras de Joinville e regi\u00e3o. O objetivo pr\u00e1tico foi criar uma ponte direta entre os tomadores de decis\u00e3o locais e as principais ind\u00fastrias nacionais, otimizando o tempo de negocia\u00e7\u00e3o e a busca por novas tecnologias construtivas.<\/span><\/p>\n<p><b>O peso institucional e a recep\u00e7\u00e3o exclusiva dos patrocinadores<\/b><\/p>\n<p><span style=\"font-weight: 400;\">Uma opera\u00e7\u00e3o log\u00edstica e comercial desse porte exige um forte respaldo do mercado. A comitiva catarinense contou com o patroc\u00ednio de cinco marcas estrat\u00e9gicas que viabilizaram a iniciativa e prepararam uma recep\u00e7\u00e3o impec\u00e1vel com estandes de alto padr\u00e3o.<\/span><\/p>\n<p><span style=\"font-weight: 400;\">A presen\u00e7a da FIESC chancelou o peso econ\u00f4mico do grupo. O projeto teve o apoio direto de empresas essenciais para o canteiro de obras, como a Amanco Wavin, gigante em solu\u00e7\u00f5es para condu\u00e7\u00e3o de fluidos; a Prosul Equipamentos, especializada em loca\u00e7\u00e3o de m\u00e1quinas, ferramentas e solu\u00e7\u00f5es completas em EPIs e EPCs para a seguran\u00e7a da equipe; e a Abrilar Kit Porta Pronta, com solu\u00e7\u00f5es de acabamento. Fechando o grupo de patrocinadores, a 7ball Lazer marcou presen\u00e7a destacando o setor de \u00e1reas de conviv\u00eancia e entretenimento para o mercado imobili\u00e1rio.<\/span><\/p>\n<p><span style=\"font-weight: 400;\">Durante a visita, cada um dos patrocinadores preparou um momento exclusivo para a delega\u00e7\u00e3o de Santa Catarina. O grupo foi recebido com falas de agradecimento, apresenta\u00e7\u00f5es de novas solu\u00e7\u00f5es, distribui\u00e7\u00e3o de brindes corporativos e at\u00e9 sorteios voltados para os participantes. Essa din\u00e2mica fortaleceu o relacionamento entre as marcas e os compradores, aproximando as partes de forma muito mais pessoal do que uma visita comum de corredor.<\/span><\/p>\n<p><span style=\"font-weight: 400;\">Para a presidente do Sinduscon Joinville, Ana Rita Vieira, esse alinhamento entre as entidades, os patrocinadores e os empres\u00e1rios \u00e9 fundamental para o desenvolvimento regional.<\/span><\/p>\n<p><span style=\"font-weight: 400;\">&#8220;O compromisso do Sinduscon Joinville \u00e9 manter as nossas empresas na vanguarda do mercado. Realizar estrategicamente esta Miss\u00e3o T\u00e9cnica \u00e0 Feicon 2026, em parceria com a Amato Neg\u00f3cios, \u00e9 garantir que a constru\u00e7\u00e3o civil da nossa regi\u00e3o tenha acesso direto \u00e0s maiores inova\u00e7\u00f5es e sente \u00e0 mesa onde os grandes neg\u00f3cios do setor realmente acontecem&#8221;, destaca a presidente.<\/span><\/p>\n<p><b>Log\u00edstica, engajamento e a expectativa para as pr\u00f3ximas miss\u00f5es<\/b><\/p>\n<p><span style=\"font-weight: 400;\">Em uma feira com grandes dimens\u00f5es, o tempo \u00e9 o recurso mais escasso. A curadoria da organiza\u00e7\u00e3o focou no cumprimento estrito dos hor\u00e1rios. O engajamento foi outro ponto alto da viagem: os empres\u00e1rios interagiram de forma muito intensa, tanto nas negocia\u00e7\u00f5es nos estandes quanto na troca de experi\u00eancias e contatos entre os pr\u00f3prios membros da comitiva. O sucesso e o clima colaborativo foram tamanhos que diversos participantes j\u00e1 come\u00e7aram a consultar a organiza\u00e7\u00e3o sobre as datas da pr\u00f3xima miss\u00e3o.<\/span><\/p>\n<p><span style=\"font-weight: 400;\">Ademir Jos\u00e9 Fernandes, S\u00f3cio e Administrador da Atenas Empreendimentos Imobili\u00e1rios, que integrou a comitiva, avaliou positivamente a opera\u00e7\u00e3o log\u00edstica e a for\u00e7a do grupo.<\/span><\/p>\n<p><span style=\"font-weight: 400;\">&#8220;Voc\u00eas conseguiram fazer um projeto em muito curto espa\u00e7o de tempo e funcionou 100% em hor\u00e1rio, tempo de chegada e informa\u00e7\u00e3o. A \u00fanica queixa \u00e9 que, se tivesse pelo menos mais um dia, seria ainda mais produtivo! Eu sou muito a favor do associativismo, ent\u00e3o toda a organiza\u00e7\u00e3o e a equipe que coordenou o projeto est\u00e3o de parab\u00e9ns. Sempre que houver oportunidade, farei o poss\u00edvel para participar&#8221;, relatou Ademir.<\/span><\/p>\n<p><span style=\"font-weight: 400;\">Para as empresas fornecedoras que fizeram parte da miss\u00e3o, a viagem serviu como um canal encurtado para o networking de alto n\u00edvel. Hudson Scherer, Supervisor Comercial da Vers\u00e1til Andaimes e Escoramentos, relatou a vantagem desse modelo de visita\u00e7\u00e3o.<\/span><\/p>\n<p><span style=\"font-weight: 400;\">&#8220;A experi\u00eancia da Feicon \u00e9 \u00fanica e, para quem ainda n\u00e3o teve essa oportunidade, vale muito o investimento. Estar inserido em um grupo seleto faz toda a diferen\u00e7a, pois facilita o networking e nos permite construir conex\u00f5es realmente valiosas. Tenho convic\u00e7\u00e3o de que iremos colher excelentes frutos a partir dessa viv\u00eancia. Parab\u00e9ns \u00e0 Amato Neg\u00f3cios pela condu\u00e7\u00e3o impec\u00e1vel do projeto&#8221;, pontuou Hudson.<\/span><\/p>\n<p><span style=\"font-weight: 400;\">Rita Amato, respons\u00e1vel pela organiza\u00e7\u00e3o executiva, aplicou na comitiva a sua vasta bagagem de anos estruturando miss\u00f5es empresariais de sucesso. A profissional destacou que o resultado operacional de alto impacto dependeu do perfil do grupo montado em Santa Catarina.<\/span><\/p>\n<p><span style=\"font-weight: 400;\">&#8220;Foi muito gratificante para n\u00f3s, da Amato Neg\u00f3cios, realizar junto com o Sinduscon Joinville a Miss\u00e3o T\u00e9cnica \u00e0 FEICON. Agrade\u00e7o ao Sinduscon pela confian\u00e7a, credibilidade e parceria em mais essa iniciativa. Tamb\u00e9m deixo meu sincero agradecimento a todos os compradores que participaram conosco, pelo respeito, comprometimento, pontualidade e profissionalismo durante toda a miss\u00e3o e nas visitas realizadas&#8221;, agradeceu a executiva.<\/span><\/p>\n","protected":false},"excerpt":{"rendered":"<p>Comitiva liderada pelo Sinduscon Joinville e Amato Neg\u00f3cios visitou a feira com o apoio de cinco grandes marcas, garantindo acesso direto a fornecedores e otimizando a agenda de empres\u00e1rios do estado. Terminou na \u00faltima sexta-feira (10), no S\u00e3o Paulo Expo, a edi\u00e7\u00e3o de 2026 da Feicon, o principal evento da constru\u00e7\u00e3o civil e arquitetura do [&hellip;]<\/p>\n","protected":false},"author":3,"featured_media":2746,"comment_status":"closed","ping_status":"closed","sticky":false,"template":"","format":"standard","meta":{"footnotes":""},"categories":[8,9,10],"tags":[],"class_list":["post-2745","post","type-post","status-publish","format-standard","has-post-thumbnail","hentry","category-associados","category-destaques","category-noticias","has-post-title","has-post-date","has-post-category","has-post-tag","has-post-comment","has-post-author",""],"_links":{"self":[{"href":"https:\/\/www.sinduscon-joinville.org.br\/v2021\/wp-json\/wp\/v2\/posts\/2745","targetHints":{"allow":["GET"]}}],"collection":[{"href":"https:\/\/www.sinduscon-joinville.org.br\/v2021\/wp-json\/wp\/v2\/posts"}],"about":[{"href":"https:\/\/www.sinduscon-joinville.org.br\/v2021\/wp-json\/wp\/v2\/types\/post"}],"author":[{"embeddable":true,"href":"https:\/\/www.sinduscon-joinville.org.br\/v2021\/wp-json\/wp\/v2\/users\/3"}],"replies":[{"embeddable":true,"href":"https:\/\/www.sinduscon-joinville.org.br\/v2021\/wp-json\/wp\/v2\/comments?post=2745"}],"version-history":[{"count":6,"href":"https:\/\/www.sinduscon-joinville.org.br\/v2021\/wp-json\/wp\/v2\/posts\/2745\/revisions"}],"predecessor-version":[{"id":2752,"href":"https:\/\/www.sinduscon-joinville.org.br\/v2021\/wp-json\/wp\/v2\/posts\/2745\/revisions\/2752"}],"wp:featuredmedia":[{"embeddable":true,"href":"https:\/\/www.sinduscon-joinville.org.br\/v2021\/wp-json\/wp\/v2\/media\/2746"}],"wp:attachment":[{"href":"https:\/\/www.sinduscon-joinville.org.br\/v2021\/wp-json\/wp\/v2\/media?parent=2745"}],"wp:term":[{"taxonomy":"category","embeddable":true,"href":"https:\/\/www.sinduscon-joinville.org.br\/v2021\/wp-json\/wp\/v2\/categories?post=2745"},{"taxonomy":"post_tag","embeddable":true,"href":"https:\/\/www.sinduscon-joinville.org.br\/v2021\/wp-json\/wp\/v2\/tags?post=2745"}],"curies":[{"name":"wp","href":"https:\/\/api.w.org\/{rel}","templated":true}]}}